{"id":9336,"date":"2017-03-31T09:38:00","date_gmt":"2017-03-31T12:38:00","guid":{"rendered":"http:\/\/actualidadadiario.com\/site\/?p=9336"},"modified":"2017-03-31T09:38:00","modified_gmt":"2017-03-31T12:38:00","slug":"michetti-bullrich-y-carrio-estaran-hoy-en-parana","status":"publish","type":"post","link":"https:\/\/www.actualidadadiario.com\/index.php\/2017\/03\/31\/michetti-bullrich-y-carrio-estaran-hoy-en-parana\/","title":{"rendered":"Michetti, Bullrich y Carri\u00f3 estar\u00e1n hoy en Paran\u00e1"},"content":{"rendered":"<p><em><strong>Ser\u00e1 en el marco del Congreso de Lucha Contra el Narcotr\u00e1fico y Precursores Qu\u00edmicos- Regi\u00f3n Centro. Ser\u00e1 en el hotel Mayorazgo, a partir de las 9<\/strong><\/em><\/p>\n<p>&nbsp;<\/p>\n<p>&nbsp;<\/p>\n<p>&nbsp;<\/p>\n<p>La ciudad de Paran\u00e1 es sede de un congreso sobre narcotr\u00e1fico y precursores qu\u00edmicos. Por ello estar\u00e1n hoy en la ciudad la vicepresidenta, Gabriel Michetti, la ministra de Seguridad, Patricia Bullrich, y la diputada nacional Elisa Carri\u00f3 (Cambiemos), entre otras autoridades. La actividad nuclear\u00e1 a representantes de las provincias de la Regi\u00f3n Centro y all\u00ed se abordar\u00e1 la situaci\u00f3n actual de la problem\u00e1tica. Tambi\u00e9n habr\u00e1 espacios de capacitaci\u00f3n para miembros de fuerzas de seguridad. Ser\u00e1 en el hotel Mayorazgo, a partir de las 9.<\/p>\n<p>&nbsp;<\/p>\n<p>Se espera la presencia en la ciudad de legisladores nacionales y provinciales de los tres distritos, intendentes y funcionarios de los tres poderes del Estado. Por la ma\u00f1ana, est\u00e1 previsto abordar en paneles el tema de los precursores qu\u00edmicos y por la tarde tendr\u00e1n lugar las capacitaciones. Tambi\u00e9n se firmar\u00e1n convenios.<\/p>\n<p>&nbsp;<\/p>\n<p>El encuentro es organizado por el Ministerio de Seguridad y la Subsecretaria de Lucha Contra el Narcotr\u00e1fico. La sede en Paran\u00e1 fue por gesti\u00f3n de diputada provincial Ayel\u00e9n Acosta (Cambiemos), quien anticip\u00f3 que habr\u00e1 luego otra actividad similar en Gualeguay.<\/p>\n<p>&nbsp;<\/p>\n<p>Se espera tambi\u00e9n la presencia en Paran\u00e1 de Eugenio Burzaco, secretario de Seguridad; Gerardo Milman, secretario de Seguridad Interior; y Mart\u00edn Verrier, subsecretario de Lucha contra el Narcotr\u00e1fico, entre otros funcionarios nacionales.<\/p>\n","protected":false},"excerpt":{"rendered":"<p>Ser\u00e1 en el marco del Congreso de Lucha Contra el Narcotr\u00e1fico y Precursores Qu\u00edmicos- Regi\u00f3n Centro. Ser\u00e1 en el hotel Mayorazgo, a partir de las 9 &nbsp; &nbsp; &nbsp; La ciudad de Paran\u00e1 es sede de un congreso sobre narcotr\u00e1fico y precursores qu\u00edmicos. Por ello estar\u00e1n hoy en la ciudad la vicepresidenta, Gabriel Michetti, la ministra de Seguridad, Patricia Bullrich, y la diputada nacional Elisa Carri\u00f3 (Cambiemos), entre otras autoridades. La actividad nuclear\u00e1 a representantes de las provincias de la Regi\u00f3n Centro y all\u00ed se abordar\u00e1 la situaci\u00f3n actual de&#8230;<\/p>\n","protected":false},"author":3,"featured_media":9337,"comment_status":"closed","ping_status":"closed","sticky":false,"template":"","format":"standard","meta":[],"categories":[15],"tags":[],"_links":{"self":[{"href":"https:\/\/www.actualidadadiario.com\/index.php\/wp-json\/wp\/v2\/posts\/9336"}],"collection":[{"href":"https:\/\/www.actualidadadiario.com\/index.php\/wp-json\/wp\/v2\/posts"}],"about":[{"href":"https:\/\/www.actualidadadiario.com\/index.php\/wp-json\/wp\/v2\/types\/post"}],"author":[{"embeddable":true,"href":"https:\/\/www.actualidadadiario.com\/index.php\/wp-json\/wp\/v2\/users\/3"}],"replies":[{"embeddable":true,"href":"https:\/\/www.actualidadadiario.com\/index.php\/wp-json\/wp\/v2\/comments?post=9336"}],"version-history":[{"count":1,"href":"https:\/\/www.actualidadadiario.com\/index.php\/wp-json\/wp\/v2\/posts\/9336\/revisions"}],"predecessor-version":[{"id":9338,"href":"https:\/\/www.actualidadadiario.com\/index.php\/wp-json\/wp\/v2\/posts\/9336\/revisions\/9338"}],"wp:featuredmedia":[{"embeddable":true,"href":"https:\/\/www.actualidadadiario.com\/index.php\/wp-json\/wp\/v2\/media\/9337"}],"wp:attachment":[{"href":"https:\/\/www.actualidadadiario.com\/index.php\/wp-json\/wp\/v2\/media?parent=9336"}],"wp:term":[{"taxonomy":"category","embeddable":true,"href":"https:\/\/www.actualidadadiario.com\/index.php\/wp-json\/wp\/v2\/categories?post=9336"},{"taxonomy":"post_tag","embeddable":true,"href":"https:\/\/www.actualidadadiario.com\/index.php\/wp-json\/wp\/v2\/tags?post=9336"}],"curies":[{"name":"wp","href":"https:\/\/api.w.org\/{rel}","templated":true}]}}