{"id":9330,"date":"2017-03-31T09:36:08","date_gmt":"2017-03-31T12:36:08","guid":{"rendered":"http:\/\/actualidadadiario.com\/site\/?p=9330"},"modified":"2017-03-31T09:36:08","modified_gmt":"2017-03-31T12:36:08","slug":"agmer-convirtio-el-consejo-general-de-educacion-en-una-bailanta","status":"publish","type":"post","link":"https:\/\/www.actualidadadiario.com\/index.php\/2017\/03\/31\/agmer-convirtio-el-consejo-general-de-educacion-en-una-bailanta\/","title":{"rendered":"AGMER convirti\u00f3 el Consejo General de Educaci\u00f3n en una bailanta"},"content":{"rendered":"<p><em><strong>Cerca de las 23 de este jueves, y luego de haber tomado la parte baja del edificio, los maestros militantes de AGMER Paran\u00e1 protagonizaban un hecho impensado: el palacio de la educaci\u00f3n transformado en una disco<\/strong><\/em><\/p>\n<p>&nbsp;<\/p>\n<p>&nbsp;<\/p>\n<p>&nbsp;<\/p>\n<p>Las 24 horas del paro convocado para ayer jueves por la CTA y al que adhiri\u00f3 la Asociaci\u00f3n Gremial del Magisterio de Entre R\u00edos tuvieron en Paran\u00e1 una ins\u00f3lita derivaci\u00f3n.<\/p>\n<p>&nbsp;<\/p>\n<p>La militancia docente de la capital entrerriana ocup\u00f3 la parte baja del Consejo General de Educaci\u00f3n, a metros de la Casa de Gobierno. Pero, no conforme con ello, pasadas las 22,30, el hall se hab\u00eda convertido en una verdadera discoteca.<\/p>\n<p>&nbsp;<\/p>\n<p>Cumbias a todo volumen, luces apagadas y el intento de numerosos docentes de coordinar los pasos de baile eran algunas de las notas distintivas de un hecho que tal vez ni el mismo gremio lleg\u00f3 a proyectar.<\/p>\n<p>&nbsp;<\/p>\n","protected":false},"excerpt":{"rendered":"<p>Cerca de las 23 de este jueves, y luego de haber tomado la parte baja del edificio, los maestros militantes de AGMER Paran\u00e1 protagonizaban un hecho impensado: el palacio de la educaci\u00f3n transformado en una disco &nbsp; &nbsp; &nbsp; Las 24 horas del paro convocado para ayer jueves por la CTA y al que adhiri\u00f3 la Asociaci\u00f3n Gremial del Magisterio de Entre R\u00edos tuvieron en Paran\u00e1 una ins\u00f3lita derivaci\u00f3n. &nbsp; La militancia docente de la capital entrerriana ocup\u00f3 la parte baja del Consejo General de Educaci\u00f3n, a metros de la&#8230;<\/p>\n","protected":false},"author":3,"featured_media":9331,"comment_status":"closed","ping_status":"closed","sticky":false,"template":"","format":"standard","meta":[],"categories":[15],"tags":[],"_links":{"self":[{"href":"https:\/\/www.actualidadadiario.com\/index.php\/wp-json\/wp\/v2\/posts\/9330"}],"collection":[{"href":"https:\/\/www.actualidadadiario.com\/index.php\/wp-json\/wp\/v2\/posts"}],"about":[{"href":"https:\/\/www.actualidadadiario.com\/index.php\/wp-json\/wp\/v2\/types\/post"}],"author":[{"embeddable":true,"href":"https:\/\/www.actualidadadiario.com\/index.php\/wp-json\/wp\/v2\/users\/3"}],"replies":[{"embeddable":true,"href":"https:\/\/www.actualidadadiario.com\/index.php\/wp-json\/wp\/v2\/comments?post=9330"}],"version-history":[{"count":1,"href":"https:\/\/www.actualidadadiario.com\/index.php\/wp-json\/wp\/v2\/posts\/9330\/revisions"}],"predecessor-version":[{"id":9332,"href":"https:\/\/www.actualidadadiario.com\/index.php\/wp-json\/wp\/v2\/posts\/9330\/revisions\/9332"}],"wp:featuredmedia":[{"embeddable":true,"href":"https:\/\/www.actualidadadiario.com\/index.php\/wp-json\/wp\/v2\/media\/9331"}],"wp:attachment":[{"href":"https:\/\/www.actualidadadiario.com\/index.php\/wp-json\/wp\/v2\/media?parent=9330"}],"wp:term":[{"taxonomy":"category","embeddable":true,"href":"https:\/\/www.actualidadadiario.com\/index.php\/wp-json\/wp\/v2\/categories?post=9330"},{"taxonomy":"post_tag","embeddable":true,"href":"https:\/\/www.actualidadadiario.com\/index.php\/wp-json\/wp\/v2\/tags?post=9330"}],"curies":[{"name":"wp","href":"https:\/\/api.w.org\/{rel}","templated":true}]}}