{"id":9327,"date":"2017-03-31T09:34:43","date_gmt":"2017-03-31T12:34:43","guid":{"rendered":"http:\/\/actualidadadiario.com\/site\/?p=9327"},"modified":"2017-03-31T09:34:43","modified_gmt":"2017-03-31T12:34:43","slug":"planifican-la-implementacion-de-programas-sociales-para-el-norte-entrerriano","status":"publish","type":"post","link":"https:\/\/www.actualidadadiario.com\/index.php\/2017\/03\/31\/planifican-la-implementacion-de-programas-sociales-para-el-norte-entrerriano\/","title":{"rendered":"Planifican la implementaci\u00f3n de programas sociales para el norte entrerriano"},"content":{"rendered":"<p><em><strong>La implementaci\u00f3n de programas sociales, y la planificaci\u00f3n de acciones conjuntas en el norte entrerriano, fueron algunos de los temas abordados en la reuni\u00f3n que mantuvieron este jueves la ministra de Desarrollo Social, Laura Stratta, y autoridades de Los Conquistadores y San Jaime de la Frontera<\/strong><\/em><\/p>\n<p>&nbsp;<\/p>\n<p>&nbsp;<\/p>\n<p>&nbsp;<\/p>\n<p>Participaron de la reuni\u00f3n el presidente municipal de Los Conquistadores, Alcides Mi\u00f1o y su equipo del \u00e1rea de desarrollo social; el secretario de Gobierno de San Jaime de la Frontera, Luis Guillermo Vargas, y a la coordinadora del Ministerio de Desarrollo Social en el departamento Federaci\u00f3n, Liliana Burns. En ese marco, evaluaron las acciones que se vienen llevando a cabo y se plantearon nuevos objetivos para atender la demanda social del territorio.<\/p>\n<p>&nbsp;<\/p>\n<p>Al ser consultado sobre la actividad, Mi\u00f1o destac\u00f3 la \u201cbuena predisposici\u00f3n del gobierno provincial\u201d, y cont\u00f3 que le agradeci\u00f3 a la ministra \u201cpor este programa para los j\u00f3venes, el Crecer, que empez\u00f3 a dictarse ayer en nuestra localidad, es muy bueno que llegue a ciudades peque\u00f1as como la nuestra\u201d.<\/p>\n<p>&nbsp;<\/p>\n<p>Adem\u00e1s, el jefe comunal de Los Conquistadores hizo menci\u00f3n a la experiencia del taller textil que iniciaron desde el municipio, y agreg\u00f3: \u201cLe planteamos a la ministra la posibilidad de que el taller municipal de costura se sume al programa Cobijar, en este caso el ministerio proveer\u00eda el material y nosotros har\u00edamos las frazadas\u201d.<\/p>\n<p>&nbsp;<\/p>\n<p>Por su parte, Stratta indic\u00f3 que \u201ces un pedido del gobernador, Gustavo Bordet, estar cerca de cada entrerriano en cualquier rinc\u00f3n de la provincia. Las tem\u00e1ticas que abordamos en el encuentro tuvieron que ver con la implementaci\u00f3n del Crecer, pero tambi\u00e9n con el acompa\u00f1amiento de los talleres textiles. Adem\u00e1s est\u00e1 la posibilidad de llegar con algunos proyectos de econom\u00eda social, que nos van a permitir acompa\u00f1ar espacios de feria y de comercializaci\u00f3n, y de trabajar en la regi\u00f3n con los microcr\u00e9ditos\u201d.<\/p>\n<p>&nbsp;<\/p>\n<p>Por \u00faltimo, la ministra afirm\u00f3: \u201cEl trabajo articulado tiene que realizarse de forma arm\u00f3nica y equilibrada. Fue la coordinaci\u00f3n departamental de Desarrollo Social la que motiv\u00f3 esta actividad de la que participaron \u00e1reas de desarrollo locales para poder trabajar articuladamente todas las tem\u00e1ticas que ellos definieron como prioritarias. Para nosotros el municipio plantea sus problem\u00e1ticas y el gobierno provincial acompa\u00f1a y genera respuestas\u201d.<\/p>\n","protected":false},"excerpt":{"rendered":"<p>La implementaci\u00f3n de programas sociales, y la planificaci\u00f3n de acciones conjuntas en el norte entrerriano, fueron algunos de los temas abordados en la reuni\u00f3n que mantuvieron este jueves la ministra de Desarrollo Social, Laura Stratta, y autoridades de Los Conquistadores y San Jaime de la Frontera &nbsp; &nbsp; &nbsp; Participaron de la reuni\u00f3n el presidente municipal de Los Conquistadores, Alcides Mi\u00f1o y su equipo del \u00e1rea de desarrollo social; el secretario de Gobierno de San Jaime de la Frontera, Luis Guillermo Vargas, y a la coordinadora del Ministerio de Desarrollo&#8230;<\/p>\n","protected":false},"author":3,"featured_media":9328,"comment_status":"closed","ping_status":"closed","sticky":false,"template":"","format":"standard","meta":[],"categories":[15],"tags":[],"_links":{"self":[{"href":"https:\/\/www.actualidadadiario.com\/index.php\/wp-json\/wp\/v2\/posts\/9327"}],"collection":[{"href":"https:\/\/www.actualidadadiario.com\/index.php\/wp-json\/wp\/v2\/posts"}],"about":[{"href":"https:\/\/www.actualidadadiario.com\/index.php\/wp-json\/wp\/v2\/types\/post"}],"author":[{"embeddable":true,"href":"https:\/\/www.actualidadadiario.com\/index.php\/wp-json\/wp\/v2\/users\/3"}],"replies":[{"embeddable":true,"href":"https:\/\/www.actualidadadiario.com\/index.php\/wp-json\/wp\/v2\/comments?post=9327"}],"version-history":[{"count":1,"href":"https:\/\/www.actualidadadiario.com\/index.php\/wp-json\/wp\/v2\/posts\/9327\/revisions"}],"predecessor-version":[{"id":9329,"href":"https:\/\/www.actualidadadiario.com\/index.php\/wp-json\/wp\/v2\/posts\/9327\/revisions\/9329"}],"wp:featuredmedia":[{"embeddable":true,"href":"https:\/\/www.actualidadadiario.com\/index.php\/wp-json\/wp\/v2\/media\/9328"}],"wp:attachment":[{"href":"https:\/\/www.actualidadadiario.com\/index.php\/wp-json\/wp\/v2\/media?parent=9327"}],"wp:term":[{"taxonomy":"category","embeddable":true,"href":"https:\/\/www.actualidadadiario.com\/index.php\/wp-json\/wp\/v2\/categories?post=9327"},{"taxonomy":"post_tag","embeddable":true,"href":"https:\/\/www.actualidadadiario.com\/index.php\/wp-json\/wp\/v2\/tags?post=9327"}],"curies":[{"name":"wp","href":"https:\/\/api.w.org\/{rel}","templated":true}]}}