{"id":9321,"date":"2017-03-31T09:33:05","date_gmt":"2017-03-31T12:33:05","guid":{"rendered":"http:\/\/actualidadadiario.com\/site\/?p=9321"},"modified":"2017-03-31T09:33:05","modified_gmt":"2017-03-31T12:33:05","slug":"entre-rios-se-destaca-en-el-pais-por-la-extension-de-la-jornada-escolar","status":"publish","type":"post","link":"https:\/\/www.actualidadadiario.com\/index.php\/2017\/03\/31\/entre-rios-se-destaca-en-el-pais-por-la-extension-de-la-jornada-escolar\/","title":{"rendered":"Entre R\u00edos se destaca en el pa\u00eds por la extensi\u00f3n de la jornada escolar"},"content":{"rendered":"<p><em><strong>La ampliaci\u00f3n de la jornada escolar fue uno de los temas abordados en la 79\u00ba Asamblea del Consejo Federal de Educaci\u00f3n de la que particip\u00f3 el presidente del Consejo General de Educaci\u00f3n, Jos\u00e9 Luis Panozzo. La provincia se destac\u00f3 entre los presentes por su recorrido y porcentaje de instituciones involucradas. El encuentro se desarroll\u00f3 los d\u00edas 28 y 29 del corriente en la provincia de Salta<\/strong><\/em><\/p>\n<p>&nbsp;<\/p>\n<p>&nbsp;<\/p>\n<p>&nbsp;<\/p>\n<p>Autoridades de Educaci\u00f3n de todo el pa\u00eds, debatieron en torno a la propuesta de ampliaci\u00f3n de la jornada, La Escuela sale de la Escuela, y el anteproyecto resolutivo que establecer\u00eda que cada jurisdicci\u00f3n se har\u00e1 responsable de los formatos, tiempos y espacios de extensi\u00f3n del tiempo escolar.<\/p>\n<p>&nbsp;<\/p>\n<p>La provincia de Entre R\u00edos sobre este aspecto tiene un largo recorrido hecho y antecedentes que facilitar\u00edan la consecuci\u00f3n de los objetivos propuestos por Naci\u00f3n. Panozzo, afirm\u00f3 que \u201cen muchas jurisdicciones del pa\u00eds la ampliaci\u00f3n de la jornada es algo a\u00fan no resuelto, no es el caso de Entre R\u00edos, donde ya existe un camino hecho, resultados, an\u00e1lisis y metas concretas en torno a la ampliaci\u00f3n del tiempo en la escuela\u201d.<\/p>\n<p>&nbsp;<\/p>\n<p>\u201cM\u00e1s del 20 por ciento de nuestras instituciones de Educaci\u00f3n Primaria -agreg\u00f3- ya transitan ese camino lo que nos coloca en un muy buen lugar, este a\u00f1o adem\u00e1s sumaremos otras a este desaf\u00edo de m\u00e1s tiempo mejor escuela. Incluso comenzamos a transitar la ampliaci\u00f3n de la jornada en Educaci\u00f3n Secundaria en tres localidades y en articulaci\u00f3n con los municipios e instituciones locales\u201d, agreg\u00f3 el funcionario.<\/p>\n<p>&nbsp;<\/p>\n<p>Por otro lado, la Asamblea de ministros, abord\u00f3 aspectos del programa Compromiso por la Educaci\u00f3n, su impacto en cada territorio y el involucramiento de otros actores sociales en relaci\u00f3n con este tema.<\/p>\n<p>&nbsp;<\/p>\n<p>Los resultados del operativo Aprender, y una nueva edici\u00f3n de esta estrategia de evaluaci\u00f3n para este a\u00f1o, tambi\u00e9n fueron objeto de intercambio por parte de las autoridades; con especial \u00e9nfasis en las estrategias pedag\u00f3gicas que cada provincia deber\u00e1 emplear para fortalecer el proceso de ense\u00f1anzas-aprendizajes, sobre todo en aquellas materias con contenidos a fortalecer.<\/p>\n<p>&nbsp;<\/p>\n<p>Para finalizar, se incorpor\u00f3 a la agenda resolutiva la planificaci\u00f3n articulada que deber\u00e1n realizar Educaci\u00f3n y Ambiente. En ese sentido, referentes del Consejo Federal de Medio Ambiente, delimitar\u00e1n en conjunto con los referentes educativos una Estrategia Nacional de Educaci\u00f3n Ambiental integral.<\/p>\n<p>&nbsp;<\/p>\n<p>El encuentro al que asisti\u00f3 Panozzo, estuvo encabezado por el ministro de Educaci\u00f3n y Deportes de la Naci\u00f3n, Esteban Bullrich y cont\u00f3 con la presencia del propio gobernador salte\u00f1o Manuel Urtubey, la Ministra de Educaci\u00f3n, Ciencia y Tecnolog\u00eda de la provincia anfitriona, Anal\u00eda Berruezo, el presidente del Consejo local, Orlando Maccio, entre otros.<\/p>\n","protected":false},"excerpt":{"rendered":"<p>La ampliaci\u00f3n de la jornada escolar fue uno de los temas abordados en la 79\u00ba Asamblea del Consejo Federal de Educaci\u00f3n de la que particip\u00f3 el presidente del Consejo General de Educaci\u00f3n, Jos\u00e9 Luis Panozzo. La provincia se destac\u00f3 entre los presentes por su recorrido y porcentaje de instituciones involucradas. El encuentro se desarroll\u00f3 los d\u00edas 28 y 29 del corriente en la provincia de Salta &nbsp; &nbsp; &nbsp; Autoridades de Educaci\u00f3n de todo el pa\u00eds, debatieron en torno a la propuesta de ampliaci\u00f3n de la jornada, La Escuela sale&#8230;<\/p>\n","protected":false},"author":3,"featured_media":9322,"comment_status":"closed","ping_status":"closed","sticky":false,"template":"","format":"standard","meta":[],"categories":[15],"tags":[],"_links":{"self":[{"href":"https:\/\/www.actualidadadiario.com\/index.php\/wp-json\/wp\/v2\/posts\/9321"}],"collection":[{"href":"https:\/\/www.actualidadadiario.com\/index.php\/wp-json\/wp\/v2\/posts"}],"about":[{"href":"https:\/\/www.actualidadadiario.com\/index.php\/wp-json\/wp\/v2\/types\/post"}],"author":[{"embeddable":true,"href":"https:\/\/www.actualidadadiario.com\/index.php\/wp-json\/wp\/v2\/users\/3"}],"replies":[{"embeddable":true,"href":"https:\/\/www.actualidadadiario.com\/index.php\/wp-json\/wp\/v2\/comments?post=9321"}],"version-history":[{"count":1,"href":"https:\/\/www.actualidadadiario.com\/index.php\/wp-json\/wp\/v2\/posts\/9321\/revisions"}],"predecessor-version":[{"id":9323,"href":"https:\/\/www.actualidadadiario.com\/index.php\/wp-json\/wp\/v2\/posts\/9321\/revisions\/9323"}],"wp:featuredmedia":[{"embeddable":true,"href":"https:\/\/www.actualidadadiario.com\/index.php\/wp-json\/wp\/v2\/media\/9322"}],"wp:attachment":[{"href":"https:\/\/www.actualidadadiario.com\/index.php\/wp-json\/wp\/v2\/media?parent=9321"}],"wp:term":[{"taxonomy":"category","embeddable":true,"href":"https:\/\/www.actualidadadiario.com\/index.php\/wp-json\/wp\/v2\/categories?post=9321"},{"taxonomy":"post_tag","embeddable":true,"href":"https:\/\/www.actualidadadiario.com\/index.php\/wp-json\/wp\/v2\/tags?post=9321"}],"curies":[{"name":"wp","href":"https:\/\/api.w.org\/{rel}","templated":true}]}}