{"id":9318,"date":"2017-03-31T09:31:54","date_gmt":"2017-03-31T12:31:54","guid":{"rendered":"http:\/\/actualidadadiario.com\/site\/?p=9318"},"modified":"2017-03-31T09:31:54","modified_gmt":"2017-03-31T12:31:54","slug":"bordet-hizo-un-balance-positivo-de-su-viaje-a-holanda","status":"publish","type":"post","link":"https:\/\/www.actualidadadiario.com\/index.php\/2017\/03\/31\/bordet-hizo-un-balance-positivo-de-su-viaje-a-holanda\/","title":{"rendered":"Bordet hizo un balance positivo de su viaje a Holanda"},"content":{"rendered":"<p><em><strong>El gobernador Gustavo Bordet realiz\u00f3 un balance positivo de su viaje a Holanda, junto al presidente de la Naci\u00f3n, Mauricio Macri. \u201cFue una experiencia importante en todo sentido\u201d, dijo el mandatario y mencion\u00f3 la posibilidad que tuvo de mantener contactos para \u201cacordar alg\u00fan tipo de cooperaci\u00f3n t\u00e9cnica y, en materia de infraestructura, en lo que tiene que ver en obras para prevenci\u00f3n de inundaciones y puertos\u201d<\/strong><\/em><\/p>\n<p>&nbsp;<\/p>\n<p>&nbsp;<\/p>\n<p>&nbsp;<\/p>\n<p>&nbsp;<\/p>\n<p>El gobernador destac\u00f3, adem\u00e1s, que \u201cestas oportunidades son buenas para conversar con el Presidente algunos temas que tienen que ver con otro tipo de obras para la provincia, como las de saneamiento. Hay un programa que estamos abordado para cuatro plantas de tratamientos sobre ciudades que est\u00e1n a la vera del r\u00edo Uruguay y que hoy no tienen, as\u00ed que calificar\u00eda como productiva la misi\u00f3n a Holanda\u201d.<\/p>\n<p>&nbsp;<\/p>\n<p>Sobre el tema portuario, hizo notar que \u201cHolanda tiene una vasta experiencia\u201d en la materia y que \u201cnosotros estamos poniendo en marcha los puertos de Entre R\u00edos. Hoy est\u00e1 operativo el de Concepci\u00f3n del Uruguay, desde donde por primera vez se est\u00e1n haciendo exportaciones con contendores en fr\u00edo que llevan pollo, c\u00edtricos y leche elaboraba de la firma Baggio. Tambi\u00e9n el viaje fue una oportunidad importante para interesar por el puerto de Ibicuy; y, adem\u00e1s, est\u00e1 operativo el de Diamante con un convenio que acabamos de firmar con la empresa Cargill\u201d.<\/p>\n<p>&nbsp;<\/p>\n<p>\u201cNuestra aspiraci\u00f3n m\u00e1xima es poder tener habilitado el Puerto Ibicuy y, para ello, tuve varias reuniones con firmas portuarias y tambi\u00e9n con todo lo que tiene que ver con prevenci\u00f3n en materia de inundaciones\u201d, subray\u00f3.<\/p>\n<p>&nbsp;<\/p>\n<p>Ante una consulta, Bordet asegur\u00f3 que \u201cpara nada\u201d le pes\u00f3 el hecho de haber sido el \u00fanico gobernador que acompa\u00f1\u00f3 a Macri a la misi\u00f3n. \u201cA esto lo organiza Presidencia y determina qui\u00e9nes son los gobernadores que acompa\u00f1an al Presidente. En este caso Entre R\u00edos, por el tipo de infraestructura que est\u00e1 requiriendo, que es prevenci\u00f3n de inundaciones y portuarias, lo cual ameritaba la invitaci\u00f3n\u201d.<\/p>\n<p>&nbsp;<\/p>\n<p>\u201cEn absoluto fue un peso; al contrario, para mi significa un gran reconocimiento que el Presidente nos haya realizado una invitaci\u00f3n a un pa\u00eds y a un escenario tan importante como el que se est\u00e1 dando entre Holanda y Argentina\u201d, enfatiz\u00f3.<\/p>\n<p>&nbsp;<\/p>\n<p>Respecto al di\u00e1logo con el Presidente durante el viaje, Bordet mencion\u00f3 que \u201chay muchas obras que ya las venimos trabajando, como las de las plantas de tratamientos de afluentes que son con financiamiento del CAF (Banco de Desarrollo de Am\u00e9rica Latina) y que ya est\u00e1n presentadas. Sobre ellas se viene trabajando y siempre una charla ayuda, y mucho, a que puedan agilizarse\u201d.<\/p>\n<p>&nbsp;<\/p>\n<p>\u201cTambi\u00e9n hablamos de otras obras de desarrollo productivo que tenemos, sobre todo en el norte entrerriano, como el acueducto Mandisov\u00ed, cuyo proyecto hemos reformulado completamente y hay una comisi\u00f3n bicameral que se acaba de crear para su seguimiento, direcci\u00f3n y supervisi\u00f3n\u201d, indic\u00f3.<\/p>\n<p>&nbsp;<\/p>\n<p>Otro de los temas, agreg\u00f3, fue \u201cel cierre energ\u00e9tico Norte Entrerriano, que abarca La Paz, Feliciano, Federal y Federaci\u00f3n, y que tenemos tambi\u00e9n presentado ante el Banco Interamericano de Desarrollo\u201d, al igual que \u201cproyectos para gasoductos, uno que es troncal, que va desde la ruta 127 hasta Chajar\u00ed. Esto va a dotar de gas natural a much\u00edsimas ciudades del norte entrerriano que no tienen\u201d.<\/p>\n<p>&nbsp;<\/p>\n<p>\u201cHay muchos proyectos que no son s\u00f3lo de infraestructura, sino tambi\u00e9n de desarrollo, que cambian la calidad de vida de los vecinos, que ya est\u00e1n presentados y que los abordamos para hacer un seguimiento m\u00e1s r\u00e1pido en las conversaciones que tuvimos con el Presidente\u201d, sintetiz\u00f3.<\/p>\n<p>&nbsp;<\/p>\n<p>Por otro lado, agreg\u00f3 que, adem\u00e1s, con Macri \u201ccompartimos visiones de futuro para la provincia y lo hicimos tambi\u00e9n con otros funcionarios que participaron de esta misi\u00f3n y con empresarios que yo ya conoc\u00eda previamente y que tienen intereses en Entre R\u00edos\u201d.<\/p>\n<p>&nbsp;<\/p>\n<p>\u201cTener la oportunidad de reunirme con los directivos de empresas, comentarles cosas de la provincia, que ellos me preguntaran sobre proyectos de desarrollo que est\u00e1n haciendo, todos con valor agregado, son una buena oportunidad siempre para plantearlo en t\u00e9rminos futuro de la provincia\u201d, finaliz\u00f3.<\/p>\n","protected":false},"excerpt":{"rendered":"<p>El gobernador Gustavo Bordet realiz\u00f3 un balance positivo de su viaje a Holanda, junto al presidente de la Naci\u00f3n, Mauricio Macri. \u201cFue una experiencia importante en todo sentido\u201d, dijo el mandatario y mencion\u00f3 la posibilidad que tuvo de mantener contactos para \u201cacordar alg\u00fan tipo de cooperaci\u00f3n t\u00e9cnica y, en materia de infraestructura, en lo que tiene que ver en obras para prevenci\u00f3n de inundaciones y puertos\u201d &nbsp; &nbsp; &nbsp; &nbsp; El gobernador destac\u00f3, adem\u00e1s, que \u201cestas oportunidades son buenas para conversar con el Presidente algunos temas que tienen que ver&#8230;<\/p>\n","protected":false},"author":3,"featured_media":9319,"comment_status":"closed","ping_status":"closed","sticky":false,"template":"","format":"standard","meta":[],"categories":[15],"tags":[],"_links":{"self":[{"href":"https:\/\/www.actualidadadiario.com\/index.php\/wp-json\/wp\/v2\/posts\/9318"}],"collection":[{"href":"https:\/\/www.actualidadadiario.com\/index.php\/wp-json\/wp\/v2\/posts"}],"about":[{"href":"https:\/\/www.actualidadadiario.com\/index.php\/wp-json\/wp\/v2\/types\/post"}],"author":[{"embeddable":true,"href":"https:\/\/www.actualidadadiario.com\/index.php\/wp-json\/wp\/v2\/users\/3"}],"replies":[{"embeddable":true,"href":"https:\/\/www.actualidadadiario.com\/index.php\/wp-json\/wp\/v2\/comments?post=9318"}],"version-history":[{"count":1,"href":"https:\/\/www.actualidadadiario.com\/index.php\/wp-json\/wp\/v2\/posts\/9318\/revisions"}],"predecessor-version":[{"id":9320,"href":"https:\/\/www.actualidadadiario.com\/index.php\/wp-json\/wp\/v2\/posts\/9318\/revisions\/9320"}],"wp:featuredmedia":[{"embeddable":true,"href":"https:\/\/www.actualidadadiario.com\/index.php\/wp-json\/wp\/v2\/media\/9319"}],"wp:attachment":[{"href":"https:\/\/www.actualidadadiario.com\/index.php\/wp-json\/wp\/v2\/media?parent=9318"}],"wp:term":[{"taxonomy":"category","embeddable":true,"href":"https:\/\/www.actualidadadiario.com\/index.php\/wp-json\/wp\/v2\/categories?post=9318"},{"taxonomy":"post_tag","embeddable":true,"href":"https:\/\/www.actualidadadiario.com\/index.php\/wp-json\/wp\/v2\/tags?post=9318"}],"curies":[{"name":"wp","href":"https:\/\/api.w.org\/{rel}","templated":true}]}}