{"id":9312,"date":"2017-03-30T10:41:30","date_gmt":"2017-03-30T13:41:30","guid":{"rendered":"http:\/\/actualidadadiario.com\/site\/?p=9312"},"modified":"2017-03-30T10:41:30","modified_gmt":"2017-03-30T13:41:30","slug":"en-mexico-critican-el-retraso-en-la-ley-sobre-desaparecidos","status":"publish","type":"post","link":"https:\/\/www.actualidadadiario.com\/index.php\/2017\/03\/30\/en-mexico-critican-el-retraso-en-la-ley-sobre-desaparecidos\/","title":{"rendered":"En M\u00e9xico critican el retraso en la ley sobre desaparecidos"},"content":{"rendered":"<p><em><strong>La norma est\u00e1 atorada en el Senado desde septiembre de 2015, mientras que el n\u00famero de desaparecidos supera los 30.000<\/strong><\/em><\/p>\n<p>&nbsp;<\/p>\n<p>&nbsp;<\/p>\n<p>&nbsp;<\/p>\n<p>M\u00e9xico arrastra una crisis en materia de derechos humanos que se agrav\u00f3 durante la guerra contra el narco, pero no cuenta con una ley de desaparici\u00f3n de personas que garantice las b\u00fasquedas. Los colectivos de familias que buscan a los suyos y organizaciones de la sociedad civil critican que la norma no se ha aprobado en el Congreso de la Uni\u00f3n porque no es una prioridad para los legisladores ni para el Gobierno mexicano. \u201cHemos ido a las mesas de trabajo en el Senado a exponer nuestra lucha, nos han escuchado, pero nos enga\u00f1an porque no se contempla lo que nosotros pedimos y se va retardando todo\u201d, dice Mario Vergara, miembro de Los Otros Desaparecidos de Iguala. La ley tambi\u00e9n busca crear un registro nacional de desaparecidos que depure el actual que sit\u00faa en cerca de 31.000 las personas ausentes en este pa\u00eds.<\/p>\n<p>&nbsp;<\/p>\n<p>En febrero de 2015 el Comit\u00e9 contra la Desaparici\u00f3n Forzada de la ONU mostr\u00f3 su preocupaci\u00f3n por lo ocurrido en M\u00e9xico en materia de derechos humanos al se\u00f1alar que las desapariciones forzadas \u2014donde intervienen servidores p\u00fablicos\u2014 son generalizadas en el pa\u00eds. En septiembre de ese a\u00f1o varios colectivos entregaron al Senado una propuesta de ley que buscaba prevenir esta violaci\u00f3n, facilitar la localizaci\u00f3n de personas desaparecidas y garantizar la reparaci\u00f3n integral a las v\u00edctimas.<\/p>\n<p>&nbsp;<\/p>\n<p>La presi\u00f3n internacional por la desaparici\u00f3n de los 43 normalistas de Ayotzinapa ocurrida en Guerrero en septiembre de 2014 y las observaciones de la ONU llevaron a que el presidente Enrique Pe\u00f1a Nieto tambi\u00e9n enviara una propuesta en materia de desaparici\u00f3n de personas a finales de 2015. Desde entonces cuatro comisiones del Senado han trabajado con estas iniciativas y con otras que se hab\u00edan presentado previamente a fin de elaborar un dictamen en la materia, el cual no ha podido ser desahogado.<\/p>\n<p>&nbsp;<\/p>\n<p>La senadora Ang\u00e9lica de la Pe\u00f1a, presidenta de la Comisi\u00f3n de Derechos Humanos en la C\u00e1mara alta, asegura que la discusi\u00f3n y an\u00e1lisis del dictamen ha tardado tanto tiempo debido a que ser\u00e1 la ley m\u00e1s importante que apruebe la actual legislatura. \u201cEs una ley muy ambiciosa que seguramente ser\u00e1 \u00fanica en todo el mundo, de tal manera que la estamos construyendo con organizaciones de familias de personas desaparecidas y tenemos que trabajar con todas ellas. Necesitamos que el dictamen tenga su anuencia\u201d, afirma la senadora que ha entablado negociaciones con los diversos colectivos.<\/p>\n<p>&nbsp;<\/p>\n<p>Uno de los ejes torales de la ley es la creaci\u00f3n de una comisi\u00f3n nacional de b\u00fasqueda que coordinar\u00e1 a las instancias de los tres niveles de Gobierno cuando se registre una desaparici\u00f3n. La instancia ha sido uno de los puntos m\u00e1s discutidos, dice Diana Iris Garc\u00eda, integrante de Fuerzas Unidas por Nuestros Desaparecidos en Coahuila (Fundec). \u201cCreemos que la comisi\u00f3n debe ser el coraz\u00f3n de la ley, pero nos dec\u00edan que no era necesario instalar otra instituci\u00f3n si ya hab\u00eda suficientes para atender la tragedia\u201d, expone.<\/p>\n<p>&nbsp;<\/p>\n<p>Otra de las peticiones de los familiares es participar en las b\u00fasquedas que encabece la comisi\u00f3n ante la corrupci\u00f3n y la impunidad que impera en las instancias de procuraci\u00f3n de justicia, asegura Iris Garc\u00eda. \u201cLas familias tenemos mucha desconfianza y hasta que no se vea que esto ha cambiado queremos estar presentes en todos los procesos para supervisar que se haga correctamente\u201d, se\u00f1ala. Sin embargo, el borrador de dictamen no contempla la participaci\u00f3n de las familias en las b\u00fasquedas, dice la legisladora de la Pe\u00f1a, ya que estas son una responsabilidad del Estado. \u201cNo creo que participen de manera directa. Eso no puede ser porque encontrar restos humanos es algo que provoca un choque en las familias y si una familia forma parte de la comisi\u00f3n de b\u00fasqueda es algo muy impactante\u201d, manifiesta.<\/p>\n<p>&nbsp;<\/p>\n<p>Michael W. Chamberlin, coordinador de estrategia jur\u00eddica del centro de derechos humanos Fray Juan de Larios, expresa que hay preocupaci\u00f3n por parte de las familias y colectivos porque el periodo de sesiones acaba a finales de abril y a\u00fan no se cuenta con el dictamen. \u201cEstamos en una lentitud terrible y con mucha preocupaci\u00f3n porque vemos que otra vez se acaba el periodo y no sale la ley\u201d. El representante jur\u00eddico menciona que buscaron discutir la propuesta con el Ejecutivo, pero ha mostrado desinter\u00e9s. \u201cEl Ejecutivo est\u00e1 en otra cosa, no le da la prioridad a este tema\u201d, acota.<\/p>\n<p>&nbsp;<\/p>\n<p>Los diversos colectivos tambi\u00e9n han pedido un programa nacional de exhumaciones e identificaci\u00f3n de restos. Actualmente los familiares que buscan a sus seres queridos han tenido que rastrear con sus propios medios y en la mayor\u00eda de los casos sin seguridad en terrenos inh\u00f3spitos que estuvieron bajo el control del crimen organizado. Silvia Ortiz, del grupo Vida, menciona que es importante contar con un registro de fosas comunes y clandestinas a fin de hacer un correcto resguardo de restos y lograr la identificaci\u00f3n de cuerpos y fragmentos \u00f3seos.<\/p>\n","protected":false},"excerpt":{"rendered":"<p>La norma est\u00e1 atorada en el Senado desde septiembre de 2015, mientras que el n\u00famero de desaparecidos supera los 30.000 &nbsp; &nbsp; &nbsp; M\u00e9xico arrastra una crisis en materia de derechos humanos que se agrav\u00f3 durante la guerra contra el narco, pero no cuenta con una ley de desaparici\u00f3n de personas que garantice las b\u00fasquedas. Los colectivos de familias que buscan a los suyos y organizaciones de la sociedad civil critican que la norma no se ha aprobado en el Congreso de la Uni\u00f3n porque no es una prioridad para&#8230;<\/p>\n","protected":false},"author":3,"featured_media":9313,"comment_status":"closed","ping_status":"closed","sticky":false,"template":"","format":"standard","meta":[],"categories":[4],"tags":[],"_links":{"self":[{"href":"https:\/\/www.actualidadadiario.com\/index.php\/wp-json\/wp\/v2\/posts\/9312"}],"collection":[{"href":"https:\/\/www.actualidadadiario.com\/index.php\/wp-json\/wp\/v2\/posts"}],"about":[{"href":"https:\/\/www.actualidadadiario.com\/index.php\/wp-json\/wp\/v2\/types\/post"}],"author":[{"embeddable":true,"href":"https:\/\/www.actualidadadiario.com\/index.php\/wp-json\/wp\/v2\/users\/3"}],"replies":[{"embeddable":true,"href":"https:\/\/www.actualidadadiario.com\/index.php\/wp-json\/wp\/v2\/comments?post=9312"}],"version-history":[{"count":1,"href":"https:\/\/www.actualidadadiario.com\/index.php\/wp-json\/wp\/v2\/posts\/9312\/revisions"}],"predecessor-version":[{"id":9314,"href":"https:\/\/www.actualidadadiario.com\/index.php\/wp-json\/wp\/v2\/posts\/9312\/revisions\/9314"}],"wp:featuredmedia":[{"embeddable":true,"href":"https:\/\/www.actualidadadiario.com\/index.php\/wp-json\/wp\/v2\/media\/9313"}],"wp:attachment":[{"href":"https:\/\/www.actualidadadiario.com\/index.php\/wp-json\/wp\/v2\/media?parent=9312"}],"wp:term":[{"taxonomy":"category","embeddable":true,"href":"https:\/\/www.actualidadadiario.com\/index.php\/wp-json\/wp\/v2\/categories?post=9312"},{"taxonomy":"post_tag","embeddable":true,"href":"https:\/\/www.actualidadadiario.com\/index.php\/wp-json\/wp\/v2\/tags?post=9312"}],"curies":[{"name":"wp","href":"https:\/\/api.w.org\/{rel}","templated":true}]}}