{"id":9306,"date":"2017-03-30T10:34:11","date_gmt":"2017-03-30T13:34:11","guid":{"rendered":"http:\/\/actualidadadiario.com\/site\/?p=9306"},"modified":"2017-03-30T10:34:11","modified_gmt":"2017-03-30T13:34:11","slug":"fiscal-solicito-destitucion-de-temer-a-dias-del-juicio-ante-el-tribunal-electoral","status":"publish","type":"post","link":"https:\/\/www.actualidadadiario.com\/index.php\/2017\/03\/30\/fiscal-solicito-destitucion-de-temer-a-dias-del-juicio-ante-el-tribunal-electoral\/","title":{"rendered":"Fiscal solicit\u00f3 destituci\u00f3n de Temer a d\u00edas del juicio ante el Tribunal Electoral"},"content":{"rendered":"<p><em><strong>Las alarmas pol\u00edticas han vuelto a sonar este mi\u00e9rcoles en Brasil, que podr\u00eda perder a su segundo presidente en menos de un a\u00f1o por supuesta corrupci\u00f3n en la campa\u00f1a que llev\u00f3 al poder a la destituida Dilma Rousseff y al actual mandatario, Michel Temer, a la vicepresidencia<\/strong><\/em><\/p>\n<p>&nbsp;<\/p>\n<p>&nbsp;<\/p>\n<p>&nbsp;<\/p>\n<p>&nbsp;<\/p>\n<p>&nbsp;<\/p>\n<p>Las finanzas de la campa\u00f1a de la f\u00f3rmula que encabez\u00f3 Rousseff en 2014 ser\u00e1n juzgadas a partir de la semana pr\u00f3xima en la justicia electoral y, si se comprobasen irregularidades, el triunfo en las urnas ser\u00eda anulado y con ello se pondr\u00eda fin al mandato de Temer.<\/p>\n<p>&nbsp;<\/p>\n<p>Este mi\u00e9rcoles, la fiscal\u00eda electoral brasile\u00f1a pidi\u00f3 la destituci\u00f3n del presidente Michel Temer por tal motivo, dijeron fuentes judiciales citadas por el diario O Estado de Sao Paulo, uno de los m\u00e1s influyentes del pa\u00eds.<\/p>\n<p>&nbsp;<\/p>\n<p>El pedido fue presentado por el subprocurador general electoral, Nicolao Dino, ante el juicio pr\u00f3ximo.<\/p>\n<p>&nbsp;<\/p>\n<p>Dino entreg\u00f3 el expediente con el parecer del ministerio p\u00fablico ante el juicio sobre las cuentas de campa\u00f1as de 2014 de la f\u00f3rmula ganadora Dilma Rousseff-Michel Temer, puntualizaron las fuentes.<\/p>\n<p>&nbsp;<\/p>\n<p>La presentaci\u00f3n que est\u00e1 bajo secreto de sumario, reclama el fin del mandato de Temer por abuso de poder econ\u00f3mico y pide la inhabilitaci\u00f3n electoral por ocho a\u00f1os de Rousseff, destituida el a\u00f1o pasado en un juicio pol\u00edtico que ella califica como golpe parlamentario de su ex vicepresidente.<\/p>\n<p>&nbsp;<\/p>\n<p>En el caso de Rousseff, de fallar en su contra el Tribunal ser\u00eda casi una &#8220;segunda destituci\u00f3n&#8221;, pues perdi\u00f3 el cargo por violaciones a las leyes de los presupuestos en un juicio pol\u00edtico que concluy\u00f3 en agosto pasado, tras el cual Temer hered\u00f3 el poder por su condici\u00f3n de vicepresidente.<\/p>\n<p>&nbsp;<\/p>\n<p>La acusaci\u00f3n contra la f\u00f3rmula Rousseff-Temer fue presentada por el Partido de la Social Democracia Brasile\u00f1a (PSDB) en 2015 y trata sobre supuestos hechos de corrupci\u00f3n y abuso econ\u00f3mico en la campa\u00f1a del a\u00f1o anterior.<\/p>\n<p>&nbsp;<\/p>\n<p>Uno de los puntos sostiene que la campa\u00f1a que llev\u00f3 a Rousseff a la reelecci\u00f3n en 2014 fue financiada en parte con recursos desviados de la vasta red de corrupci\u00f3n que oper\u00f3 en la estatal Petrobras, lo cual ha sido ratificado en declaraciones que han dado a la justicia ex directivos del grupo Odebrecht.<\/p>\n<p>&nbsp;<\/p>\n<p>Rousseff y Temer, que rompieron todas sus relaciones desde que se inici\u00f3 el proceso que llev\u00f3 a la destituci\u00f3n de la exmandataria, se defienden por separado en este caso, aunque coinciden en negar las acusaciones.<\/p>\n<p>&nbsp;<\/p>\n<p>Los abogados de Temer, adem\u00e1s, pidieron que el Tribunal Superior Electoral los juzgue individualmente, pues sostienen que cada uno tuvo sus propias finanzas.<\/p>\n<p>&nbsp;<\/p>\n<p>&#8220;Debe haber una separaci\u00f3n de responsabilidades, porque no hubo ninguna actuaci\u00f3n del presidente Temer en hechos de recaudaci\u00f3n il\u00edcita de recursos y no podr\u00eda ser condenado por lo que no hizo&#8221;, dijo este mi\u00e9rcoles el abogado del mandatario, Gustavo Guedes.<\/p>\n<p>&nbsp;<\/p>\n<p>&#8220;Temer abri\u00f3 su propia cuenta bancaria para la campa\u00f1a, hizo su propia recaudaci\u00f3n y declar\u00f3 por completo sus propios gastos, con lo cual est\u00e1 plenamente demostrado que no particip\u00f3 en los asuntos que fundamentan la acusaci\u00f3n&#8221;, apunt\u00f3.<\/p>\n<p>&nbsp;<\/p>\n<p>Seg\u00fan los valores declarados tras las elecciones de 2014, el comit\u00e9 de campa\u00f1a de Rousseff gast\u00f3 para esos comicios un total de 318 millones de reales (hoy unos 102 millones de d\u00f3lares).<\/p>\n<p>&nbsp;<\/p>\n<p>A ese total, Temer dice haber aportado s\u00f3lo unos 20 millones de reales (6,4 millones de d\u00f3lares), que recaud\u00f3 por su cuenta.<\/p>\n<p>&nbsp;<\/p>\n<p>Guedes subray\u00f3 el &#8220;impacto social y econ\u00f3mico&#8221; que puede generar el juicio, por lo que sostuvo que el proceso deber\u00eda ser &#8220;anulado&#8221;, sobre todo porque las propias autoridades electorales ya hace tres a\u00f1os que aprobaron las cuentas de esa campa\u00f1a.<\/p>\n<p>&nbsp;<\/p>\n<p>De ese mismo argumento se vale la defensa de Rousseff, que pide tambi\u00e9n la anulaci\u00f3n del proceso, aunque se niega a que las finanzas de uno y otro sean separadas.<\/p>\n<p>&nbsp;<\/p>\n<p>El juicio comenzar\u00e1 el pr\u00f3ximo 4 de abril, pero el abogado de Temer consider\u00f3 que, en las primeras sesiones, alguno de los siete miembros del Tribunal Superior Electoral solicitar\u00e1 prolongar los plazos procesales, para analizar mejor el asunto.<\/p>\n<p>&nbsp;<\/p>\n<p>El instructor del caso, Herman Benjamin, debe presentar en las primeras sesiones su informe, que ha sido volcado en un total de 1.032 p\u00e1ginas acompa\u00f1adas por unos 10.000 documentos que, seg\u00fan Guedes, &#8220;ninguno de los jueces podr\u00e1 examinar de inmediato&#8221;.<\/p>\n<p>&nbsp;<\/p>\n<p>Seg\u00fan la prensa local, el informe dice haber constatado diversas irregularidades en la recaudaci\u00f3n de recursos para la campa\u00f1a, por lo cual estar\u00eda inclinado a recomendar la anulaci\u00f3n de la victoria de Rousseff y Temer en 2014.<\/p>\n<p>&nbsp;<\/p>\n<p>Temer ya ha admitido t\u00e1citamente que eso puede ocurrir, pero ha descartado que una sentencia desfavorable lo obligue a abandonar el poder de inmediato.<\/p>\n<p>&nbsp;<\/p>\n<p>&#8220;Todo fallo puede ser y ser\u00e1 apelado&#8221;, con lo que frente a una condena &#8220;habr\u00eda recursos y m\u00e1s recursos&#8221;, que llegar\u00edan incluso a la Corte Suprema, dijo Temer cuando comenz\u00f3 el proceso, e insinu\u00f3 que para una sentencia definitiva pudieran pasar m\u00e1s de dos a\u00f1os.<\/p>\n<p>&nbsp;<\/p>\n<p>El mandato de Temer concluye el 1 de enero de 2019, pero en caso de que sea interrumpido por la justicia electoral y el pa\u00eds vuelva a perder su presidente, el Congreso deber\u00e1 elegir en forma indirecta al responsable de concluir el per\u00edodo.<\/p>\n","protected":false},"excerpt":{"rendered":"<p>Las alarmas pol\u00edticas han vuelto a sonar este mi\u00e9rcoles en Brasil, que podr\u00eda perder a su segundo presidente en menos de un a\u00f1o por supuesta corrupci\u00f3n en la campa\u00f1a que llev\u00f3 al poder a la destituida Dilma Rousseff y al actual mandatario, Michel Temer, a la vicepresidencia &nbsp; &nbsp; &nbsp; &nbsp; &nbsp; Las finanzas de la campa\u00f1a de la f\u00f3rmula que encabez\u00f3 Rousseff en 2014 ser\u00e1n juzgadas a partir de la semana pr\u00f3xima en la justicia electoral y, si se comprobasen irregularidades, el triunfo en las urnas ser\u00eda anulado y&#8230;<\/p>\n","protected":false},"author":3,"featured_media":9307,"comment_status":"closed","ping_status":"closed","sticky":false,"template":"","format":"standard","meta":[],"categories":[4],"tags":[],"_links":{"self":[{"href":"https:\/\/www.actualidadadiario.com\/index.php\/wp-json\/wp\/v2\/posts\/9306"}],"collection":[{"href":"https:\/\/www.actualidadadiario.com\/index.php\/wp-json\/wp\/v2\/posts"}],"about":[{"href":"https:\/\/www.actualidadadiario.com\/index.php\/wp-json\/wp\/v2\/types\/post"}],"author":[{"embeddable":true,"href":"https:\/\/www.actualidadadiario.com\/index.php\/wp-json\/wp\/v2\/users\/3"}],"replies":[{"embeddable":true,"href":"https:\/\/www.actualidadadiario.com\/index.php\/wp-json\/wp\/v2\/comments?post=9306"}],"version-history":[{"count":1,"href":"https:\/\/www.actualidadadiario.com\/index.php\/wp-json\/wp\/v2\/posts\/9306\/revisions"}],"predecessor-version":[{"id":9308,"href":"https:\/\/www.actualidadadiario.com\/index.php\/wp-json\/wp\/v2\/posts\/9306\/revisions\/9308"}],"wp:featuredmedia":[{"embeddable":true,"href":"https:\/\/www.actualidadadiario.com\/index.php\/wp-json\/wp\/v2\/media\/9307"}],"wp:attachment":[{"href":"https:\/\/www.actualidadadiario.com\/index.php\/wp-json\/wp\/v2\/media?parent=9306"}],"wp:term":[{"taxonomy":"category","embeddable":true,"href":"https:\/\/www.actualidadadiario.com\/index.php\/wp-json\/wp\/v2\/categories?post=9306"},{"taxonomy":"post_tag","embeddable":true,"href":"https:\/\/www.actualidadadiario.com\/index.php\/wp-json\/wp\/v2\/tags?post=9306"}],"curies":[{"name":"wp","href":"https:\/\/api.w.org\/{rel}","templated":true}]}}