{"id":9303,"date":"2017-03-30T10:32:33","date_gmt":"2017-03-30T13:32:33","guid":{"rendered":"http:\/\/actualidadadiario.com\/site\/?p=9303"},"modified":"2017-03-30T10:42:40","modified_gmt":"2017-03-30T13:42:40","slug":"el-fuerte-descargo-de-la-sobrina-de-cerati-por-la-iniciativa-para-renombrar-el-cck","status":"publish","type":"post","link":"https:\/\/www.actualidadadiario.com\/index.php\/2017\/03\/30\/el-fuerte-descargo-de-la-sobrina-de-cerati-por-la-iniciativa-para-renombrar-el-cck\/","title":{"rendered":"El fuerte descargo de la sobrina de Cerati por la iniciativa para renombrar el CCK"},"content":{"rendered":"<p><em><strong>En la plataforma de peticiones online Change.org re\u00fanen firmas para que el edificio del ex Correo pase a tener el nombre del m\u00fasico argentino. Sin embargo, desde su c\u00edrculo \u00edntimo denuncian una clara intencionalidad pol\u00edtica<\/strong><\/em><\/p>\n<p>&nbsp;<\/p>\n<p>&nbsp;<\/p>\n<p>En la web comenz\u00f3 a circular una petici\u00f3n de la plataforma Change Org que propone que Centro Cultural Kirchner cambie su nombre por el de \u201cGustavo Adri\u00e1n Cerati\u201d.<\/p>\n<p>\u201cSi bien la pol\u00edtica es cultura, no es lo suficiente como para representar un centro cultural, en cambio la m\u00fasica es mucho m\u00e1s cultural que eso, dado a que en la pol\u00edtica hay mucha corrupci\u00f3n, muertes, robos, etc\u201d, alegan los creadores de la iniciativa.<\/p>\n<p>&nbsp;<\/p>\n<p>Sin embargo, desde el c\u00edrculo \u00edntimo del compositor denuncian una clara intencionalidad pol\u00edtica. A trav\u00e9s de su cuenta de Facebook, su sobrina, Valentina Ca\u00f1eque, se mostr\u00f3 disconforme e hizo un descargo contra el gobierno nacional.<\/p>\n<p>&nbsp;<\/p>\n<p>&nbsp;<\/p>\n<p><strong>Texto completo<\/strong><\/p>\n<p><em>\u201cLa miseria planificada y la mentira organizada que cada d\u00eda pretenden hacernos creer no tiene l\u00edmites, y la persona que hoy NO QUIERA verlo, se encuentra sin dudas en el lugar que nunca quisiera estar y que jam\u00e1s elegir\u00eda como argentina. <\/em><\/p>\n<p><em>No hace falta volcar ac\u00e1 cada una de las razones por las cuales hoy este pa\u00eds y los argentinos estamos siendo denigrados, pisoteados, silenciados y mutilados. <\/em><\/p>\n<p><em>Ahora el se\u00f1or Presidente, que no se cansa ni un ratito de pensar en \u00e9l y en su c\u00edrculo de legendarios opresores y escritores de una historia que nada tiene que ver con la realidad, pretende, entre otras cosas, cambiar el nombre del Centro Cultural Kirchner por el de Gustavo Cerati. Con qu\u00e9 derecho? Con qu\u00e9 cara? No hablo como familiar, no hablo como kirchnerista, ni como periodista, hablo como argentina y como amante de mi pa\u00eds y desde mi fuerte convicci\u00f3n. Hablo como testigo de los \u00faltimos 20 a\u00f1os de historia, hablo como v\u00edctima de una realidad que repudio y que cada d\u00eda me duele un poco m\u00e1s. Si antes me preguntaba qu\u00e9 l\u00edmites pod\u00eda llegar a tener este gobierno, ahora s\u00e9 que la respuesta es NINGUNO. Porque si cre\u00ed en alg\u00fan momento que algo (llamalo tacto, llamalo falsedad, llamalo sutilezas) pod\u00eda resultar un desacelerador de los procesos tremendos que estamos atravesando, entiendo hoy que nada de eso existe. <\/em><\/p>\n<p><em>Porque una vez m\u00e1s, la perversidad y la codicia humana est\u00e1n a cargo del poder y aqu\u00ed los resultados que s\u00f3lo a los que siguen esa l\u00ednea pueden contentar.<\/em><\/p>\n<p><em>M\u00e1s all\u00e1 de todo en general y de cada pieza de esta triste y siniestra realidad en particular, me encantar\u00eda pensar que existe alguna intenci\u00f3n genuina de que un lugar tan hermoso y culturalmente transcendental lleve el nombre de Gus, porque nadie puede poner en duda que merece cualquier tipo de distinci\u00f3n que homenajee su obra sagrada. Pero decime, tambi\u00e9n lo vas a usar a \u00e9l, descaradamente? Tambi\u00e9n lo vas a usar a \u00e9l como arma de destrucci\u00f3n del orden simb\u00f3lico y de nuestras banderas? Tambi\u00e9n pretend\u00e9s borrar huellas desde el enga\u00f1o, por medio de su nombre? Qu\u00e9 lindo che, hermoso gesto. Pero qu\u00e9 ganas de gritarte en la cara que N\u00e9stor fue y ser\u00e1 eternamente lo que es, aunque te duela, si es que en alg\u00fan punto de tu ser algo te duele\u2026 <\/em><\/p>\n<p><em>Y s\u00ed, es s\u00f3lo un nombre: algo m\u00e1s dentro del mont\u00f3n de cosas que jam\u00e1s vas a poder borrar de la historia, algo m\u00e1s de lo que hoy somos y de lo que no te gustar\u00eda que fuera. Porque una vez m\u00e1s prevalece nuestra memoria y el amor por esta patria que nos pari\u00f3 a todos.<\/em><\/p>\n<p><em>Si est\u00e1s leyendo y pens\u00e1s votar esta iniciativa, pensalo dos veces o m\u00e1s. No mezclemos la magia y el amor del inmenso arte de Gus con la suciedad de esta gente. Depende de cada uno de nosotros hasta d\u00f3nde dejemos avanzar este aparato monstruoso.\u201d<\/em><\/p>\n","protected":false},"excerpt":{"rendered":"<p>En la plataforma de peticiones online Change.org re\u00fanen firmas para que el edificio del ex Correo pase a tener el nombre del m\u00fasico argentino. Sin embargo, desde su c\u00edrculo \u00edntimo denuncian una clara intencionalidad pol\u00edtica &nbsp; &nbsp; En la web comenz\u00f3 a circular una petici\u00f3n de la plataforma Change Org que propone que Centro Cultural Kirchner cambie su nombre por el de \u201cGustavo Adri\u00e1n Cerati\u201d. \u201cSi bien la pol\u00edtica es cultura, no es lo suficiente como para representar un centro cultural, en cambio la m\u00fasica es mucho m\u00e1s cultural que&#8230;<\/p>\n","protected":false},"author":3,"featured_media":9304,"comment_status":"closed","ping_status":"closed","sticky":false,"template":"","format":"standard","meta":[],"categories":[9,4],"tags":[],"_links":{"self":[{"href":"https:\/\/www.actualidadadiario.com\/index.php\/wp-json\/wp\/v2\/posts\/9303"}],"collection":[{"href":"https:\/\/www.actualidadadiario.com\/index.php\/wp-json\/wp\/v2\/posts"}],"about":[{"href":"https:\/\/www.actualidadadiario.com\/index.php\/wp-json\/wp\/v2\/types\/post"}],"author":[{"embeddable":true,"href":"https:\/\/www.actualidadadiario.com\/index.php\/wp-json\/wp\/v2\/users\/3"}],"replies":[{"embeddable":true,"href":"https:\/\/www.actualidadadiario.com\/index.php\/wp-json\/wp\/v2\/comments?post=9303"}],"version-history":[{"count":1,"href":"https:\/\/www.actualidadadiario.com\/index.php\/wp-json\/wp\/v2\/posts\/9303\/revisions"}],"predecessor-version":[{"id":9305,"href":"https:\/\/www.actualidadadiario.com\/index.php\/wp-json\/wp\/v2\/posts\/9303\/revisions\/9305"}],"wp:featuredmedia":[{"embeddable":true,"href":"https:\/\/www.actualidadadiario.com\/index.php\/wp-json\/wp\/v2\/media\/9304"}],"wp:attachment":[{"href":"https:\/\/www.actualidadadiario.com\/index.php\/wp-json\/wp\/v2\/media?parent=9303"}],"wp:term":[{"taxonomy":"category","embeddable":true,"href":"https:\/\/www.actualidadadiario.com\/index.php\/wp-json\/wp\/v2\/categories?post=9303"},{"taxonomy":"post_tag","embeddable":true,"href":"https:\/\/www.actualidadadiario.com\/index.php\/wp-json\/wp\/v2\/tags?post=9303"}],"curies":[{"name":"wp","href":"https:\/\/api.w.org\/{rel}","templated":true}]}}