{"id":9297,"date":"2017-03-30T10:27:38","date_gmt":"2017-03-30T13:27:38","guid":{"rendered":"http:\/\/actualidadadiario.com\/site\/?p=9297"},"modified":"2017-03-30T10:27:38","modified_gmt":"2017-03-30T13:27:38","slug":"vidal-hay-mucha-gente-que-cree-en-el-liderazgo-de-cristina-y-en-el-kirchnerismo","status":"publish","type":"post","link":"https:\/\/www.actualidadadiario.com\/index.php\/2017\/03\/30\/vidal-hay-mucha-gente-que-cree-en-el-liderazgo-de-cristina-y-en-el-kirchnerismo\/","title":{"rendered":"Vidal: \u201cHay mucha gente que cree en el liderazgo de Cristina y en el kirchnerismo&#8221;"},"content":{"rendered":"<p><em><strong>En un raid televisivo para denostar la lucha docente, la gobernadora bonaerense, Mar\u00eda Eugenia Vidal, mostr\u00f3 la verdadera preocupaci\u00f3n del macrismo. Es que a pesar de todo el ataque y la persecuci\u00f3n ideol\u00f3gica a los opositores todav\u00eda hay un gran acompa\u00f1amiento a la figura de la ex Presidenta<\/strong><\/em><\/p>\n<p>&nbsp;<\/p>\n<p>&nbsp;<\/p>\n<p>&nbsp;<\/p>\n<p>Vidal reconoci\u00f3 que se pondr\u00e1 la compa\u00f1a al hombro para las pr\u00f3ximas elecciones mientras al mismo tiempo asegura que no le importa perder las elecciones. La contradicci\u00f3n es la misma desorientaci\u00f3n que exhibe el oficialismo al momento de encarar la campa\u00f1a para este 2017.<\/p>\n<p>&nbsp;<\/p>\n<p>&#8220;Hay mucha gente que sigue creyendo en el liderazgo de Cristina Kirchner y en el kirchnerismo&#8221;, indic\u00f3 Vidal en Intratables.<\/p>\n<p>&nbsp;<\/p>\n<p>En verdad el camino elegido por el macrismo es tener en frente a Cristina para poder hablar de la \u201cpesada herencia\u201d, aun cuando pas\u00f3 casi un a\u00f1o y medio de gesti\u00f3n.<\/p>\n<p>&nbsp;<\/p>\n<p>Vidal tambi\u00e9n se tom\u00f3 el tiempo para vapulear la lucha docente: \u201cSiento que desde hace varias semanas los dirigentes gremiales dejaron de discutir salario y empezaron a hacer pol\u00edtica partidaria y gremial. Llevamos diez reuniones formales, seis propuestas cada una mejor que la otra, incorporando lo que ellos ped\u00edan, y la respuesta fue el paro de hoy y ma\u00f1ana\u201d.<\/p>\n<p>&nbsp;<\/p>\n<p>Sin embargo, el Secretario General de SUTEBA, Roberto Baradel, mostr\u00f3 a trav\u00e9s de las redes sociales las propuestas que llev\u00f3 el Gobierno n cada uno de los encuentros.<\/p>\n","protected":false},"excerpt":{"rendered":"<p>En un raid televisivo para denostar la lucha docente, la gobernadora bonaerense, Mar\u00eda Eugenia Vidal, mostr\u00f3 la verdadera preocupaci\u00f3n del macrismo. Es que a pesar de todo el ataque y la persecuci\u00f3n ideol\u00f3gica a los opositores todav\u00eda hay un gran acompa\u00f1amiento a la figura de la ex Presidenta &nbsp; &nbsp; &nbsp; Vidal reconoci\u00f3 que se pondr\u00e1 la compa\u00f1a al hombro para las pr\u00f3ximas elecciones mientras al mismo tiempo asegura que no le importa perder las elecciones. La contradicci\u00f3n es la misma desorientaci\u00f3n que exhibe el oficialismo al momento de encarar&#8230;<\/p>\n","protected":false},"author":3,"featured_media":9298,"comment_status":"closed","ping_status":"closed","sticky":false,"template":"","format":"standard","meta":[],"categories":[18],"tags":[],"_links":{"self":[{"href":"https:\/\/www.actualidadadiario.com\/index.php\/wp-json\/wp\/v2\/posts\/9297"}],"collection":[{"href":"https:\/\/www.actualidadadiario.com\/index.php\/wp-json\/wp\/v2\/posts"}],"about":[{"href":"https:\/\/www.actualidadadiario.com\/index.php\/wp-json\/wp\/v2\/types\/post"}],"author":[{"embeddable":true,"href":"https:\/\/www.actualidadadiario.com\/index.php\/wp-json\/wp\/v2\/users\/3"}],"replies":[{"embeddable":true,"href":"https:\/\/www.actualidadadiario.com\/index.php\/wp-json\/wp\/v2\/comments?post=9297"}],"version-history":[{"count":1,"href":"https:\/\/www.actualidadadiario.com\/index.php\/wp-json\/wp\/v2\/posts\/9297\/revisions"}],"predecessor-version":[{"id":9299,"href":"https:\/\/www.actualidadadiario.com\/index.php\/wp-json\/wp\/v2\/posts\/9297\/revisions\/9299"}],"wp:featuredmedia":[{"embeddable":true,"href":"https:\/\/www.actualidadadiario.com\/index.php\/wp-json\/wp\/v2\/media\/9298"}],"wp:attachment":[{"href":"https:\/\/www.actualidadadiario.com\/index.php\/wp-json\/wp\/v2\/media?parent=9297"}],"wp:term":[{"taxonomy":"category","embeddable":true,"href":"https:\/\/www.actualidadadiario.com\/index.php\/wp-json\/wp\/v2\/categories?post=9297"},{"taxonomy":"post_tag","embeddable":true,"href":"https:\/\/www.actualidadadiario.com\/index.php\/wp-json\/wp\/v2\/tags?post=9297"}],"curies":[{"name":"wp","href":"https:\/\/api.w.org\/{rel}","templated":true}]}}