{"id":9294,"date":"2017-03-30T10:26:44","date_gmt":"2017-03-30T13:26:44","guid":{"rendered":"http:\/\/actualidadadiario.com\/site\/?p=9294"},"modified":"2017-03-30T10:26:44","modified_gmt":"2017-03-30T13:26:44","slug":"gonzalez-fraga-adelanto-que-luego-elecciones-se-hara-de-las-otro-ajuste","status":"publish","type":"post","link":"https:\/\/www.actualidadadiario.com\/index.php\/2017\/03\/30\/gonzalez-fraga-adelanto-que-luego-elecciones-se-hara-de-las-otro-ajuste\/","title":{"rendered":"Gonzalez Fraga adelant\u00f3 que luego elecciones se har\u00e1 de las otro ajuste"},"content":{"rendered":"<p><em><strong>El economista, y ahora Presidente del Banco Naci\u00f3n, Javier Gonzalez Fraga adelant\u00f3 en la pasada feria PRO Textil que un nuevo ajuste de la econom\u00eda se aplicar\u00e1 despu\u00e9s de las elecciones de Octubre. Con una mirada pragm\u00e1tica y con los ojos puestos en la cuesti\u00f3n electoral vaticin\u00f3 la estrategia pol\u00edtica del Gobierno Nacional para el a\u00f1o 2017<\/strong><\/em><\/p>\n<p>&nbsp;<\/p>\n<p>&nbsp;<\/p>\n<p>&nbsp;<\/p>\n<p>El actual Presidente del Banco Naci\u00f3n antes de su designaci\u00f3n se present\u00f3 en la feria PRO TEXTIL 16 y ante dos mil empresarios vaticin\u00f3 la estrategia pol\u00edtica del Gobierno Nacional de aplicar &#8220;otro ajuste&#8221; luego de las elecciones de medio t\u00e9rmino de Octubre.<\/p>\n<p>&nbsp;<\/p>\n<p>En el diagn\u00f3stico realizado ante los textiles anticipaba la crisis mundial que se refleja en la sobre oferta de productos industriales.<\/p>\n<p>&nbsp;<\/p>\n<p>&#8220;Estamos en el camino correcto m\u00e1s all\u00e1 que siempre en cualquier equipo pueda haber una diferencia de detalles o velocidad de implementaci\u00f3n y que se hayan cometido errores, que no son errores de fondo, son errores de marketing. Creo que el cr\u00e9dito hipotecario es una revoluci\u00f3n cultural.&#8221;<\/p>\n","protected":false},"excerpt":{"rendered":"<p>El economista, y ahora Presidente del Banco Naci\u00f3n, Javier Gonzalez Fraga adelant\u00f3 en la pasada feria PRO Textil que un nuevo ajuste de la econom\u00eda se aplicar\u00e1 despu\u00e9s de las elecciones de Octubre. Con una mirada pragm\u00e1tica y con los ojos puestos en la cuesti\u00f3n electoral vaticin\u00f3 la estrategia pol\u00edtica del Gobierno Nacional para el a\u00f1o 2017 &nbsp; &nbsp; &nbsp; El actual Presidente del Banco Naci\u00f3n antes de su designaci\u00f3n se present\u00f3 en la feria PRO TEXTIL 16 y ante dos mil empresarios vaticin\u00f3 la estrategia pol\u00edtica del Gobierno Nacional&#8230;<\/p>\n","protected":false},"author":3,"featured_media":9295,"comment_status":"closed","ping_status":"closed","sticky":false,"template":"","format":"standard","meta":[],"categories":[18],"tags":[],"_links":{"self":[{"href":"https:\/\/www.actualidadadiario.com\/index.php\/wp-json\/wp\/v2\/posts\/9294"}],"collection":[{"href":"https:\/\/www.actualidadadiario.com\/index.php\/wp-json\/wp\/v2\/posts"}],"about":[{"href":"https:\/\/www.actualidadadiario.com\/index.php\/wp-json\/wp\/v2\/types\/post"}],"author":[{"embeddable":true,"href":"https:\/\/www.actualidadadiario.com\/index.php\/wp-json\/wp\/v2\/users\/3"}],"replies":[{"embeddable":true,"href":"https:\/\/www.actualidadadiario.com\/index.php\/wp-json\/wp\/v2\/comments?post=9294"}],"version-history":[{"count":1,"href":"https:\/\/www.actualidadadiario.com\/index.php\/wp-json\/wp\/v2\/posts\/9294\/revisions"}],"predecessor-version":[{"id":9296,"href":"https:\/\/www.actualidadadiario.com\/index.php\/wp-json\/wp\/v2\/posts\/9294\/revisions\/9296"}],"wp:featuredmedia":[{"embeddable":true,"href":"https:\/\/www.actualidadadiario.com\/index.php\/wp-json\/wp\/v2\/media\/9295"}],"wp:attachment":[{"href":"https:\/\/www.actualidadadiario.com\/index.php\/wp-json\/wp\/v2\/media?parent=9294"}],"wp:term":[{"taxonomy":"category","embeddable":true,"href":"https:\/\/www.actualidadadiario.com\/index.php\/wp-json\/wp\/v2\/categories?post=9294"},{"taxonomy":"post_tag","embeddable":true,"href":"https:\/\/www.actualidadadiario.com\/index.php\/wp-json\/wp\/v2\/tags?post=9294"}],"curies":[{"name":"wp","href":"https:\/\/api.w.org\/{rel}","templated":true}]}}