{"id":9288,"date":"2017-03-30T10:25:15","date_gmt":"2017-03-30T13:25:15","guid":{"rendered":"http:\/\/actualidadadiario.com\/site\/?p=9288"},"modified":"2017-03-30T10:25:15","modified_gmt":"2017-03-30T13:25:15","slug":"las-dos-cta-marchan-a-plaza-de-mayo-contra-el-gobierno","status":"publish","type":"post","link":"https:\/\/www.actualidadadiario.com\/index.php\/2017\/03\/30\/las-dos-cta-marchan-a-plaza-de-mayo-contra-el-gobierno\/","title":{"rendered":"Las dos CTA marchan a Plaza de Mayo contra el Gobierno"},"content":{"rendered":"<p><em><strong>Las centrales obrares se movilizan este jueves por la tarde en reclamo \u201cpor el trabajo, la educaci\u00f3n y las paritarias libres\u201d. A la convocatoria se sumaron algunos gremios enrolados en la CGT<\/strong><\/em><\/p>\n<p>&nbsp;<\/p>\n<p>&nbsp;<\/p>\n<p>&nbsp;<\/p>\n<p>&nbsp;<\/p>\n<p>Ser\u00e1 un jueves de paros y movilizaciones en la Ciudad de Buenos Aires y el Conurbano, ya que adem\u00e1s de las diferentes medidas de fuerza, por la tarde la CTA Aut\u00f3noma y la CTA de los Trabajadores marchan a Plaza de Mayo en reclamo contra el Gobierno.<\/p>\n<p>&nbsp;<\/p>\n<p>\u201cPor el trabajo, la educaci\u00f3n y las paritarias libres\u201d, es la consigna de la movilizaci\u00f3n de las dos CTA, a las que se sumaron algunos gremios enrolados en la CGT, con cese de actividades en algunos sectores.<\/p>\n<p>&nbsp;<\/p>\n<p>Las organizaciones sindicales se concentrar\u00e1n desde las 15 en Avenida de Mayo y 9 de Julio, y se movilizaran a las 17 hacia la Plaza de Mayo bajo las consignas &#8220;soluci\u00f3n al conflicto docente, paritarias sin techo, aumento de las jubilaciones y contra los despidos&#8221;, seg\u00fan el secretario general de UTE y secretario gremial de CTERA, Eduardo L\u00f3pez, citado por la agencia T\u00e9lam.<\/p>\n<p>&nbsp;<\/p>\n<p>La jornada comenz\u00f3 con un paro del subte porte\u00f1o y el Premetro, entre las 5 y las 7 de la ma\u00f1ana, dispuesto por la Asociaci\u00f3n Gremial de Trabajadores del Subterr\u00e1neo y Premetro.<\/p>\n<p>&nbsp;<\/p>\n<p>Por su parte, en la provincia de Buenos Aires paran los m\u00e9dicos nucleados en la Cicop, la Asociaci\u00f3n Judicial Bonaerense, los seis gremios docentes, los universitarios de la Conadu y ATE provincial.<\/p>\n","protected":false},"excerpt":{"rendered":"<p>Las centrales obrares se movilizan este jueves por la tarde en reclamo \u201cpor el trabajo, la educaci\u00f3n y las paritarias libres\u201d. A la convocatoria se sumaron algunos gremios enrolados en la CGT &nbsp; &nbsp; &nbsp; &nbsp; Ser\u00e1 un jueves de paros y movilizaciones en la Ciudad de Buenos Aires y el Conurbano, ya que adem\u00e1s de las diferentes medidas de fuerza, por la tarde la CTA Aut\u00f3noma y la CTA de los Trabajadores marchan a Plaza de Mayo en reclamo contra el Gobierno. &nbsp; \u201cPor el trabajo, la educaci\u00f3n y&#8230;<\/p>\n","protected":false},"author":3,"featured_media":9289,"comment_status":"closed","ping_status":"closed","sticky":false,"template":"","format":"standard","meta":[],"categories":[9],"tags":[],"_links":{"self":[{"href":"https:\/\/www.actualidadadiario.com\/index.php\/wp-json\/wp\/v2\/posts\/9288"}],"collection":[{"href":"https:\/\/www.actualidadadiario.com\/index.php\/wp-json\/wp\/v2\/posts"}],"about":[{"href":"https:\/\/www.actualidadadiario.com\/index.php\/wp-json\/wp\/v2\/types\/post"}],"author":[{"embeddable":true,"href":"https:\/\/www.actualidadadiario.com\/index.php\/wp-json\/wp\/v2\/users\/3"}],"replies":[{"embeddable":true,"href":"https:\/\/www.actualidadadiario.com\/index.php\/wp-json\/wp\/v2\/comments?post=9288"}],"version-history":[{"count":1,"href":"https:\/\/www.actualidadadiario.com\/index.php\/wp-json\/wp\/v2\/posts\/9288\/revisions"}],"predecessor-version":[{"id":9290,"href":"https:\/\/www.actualidadadiario.com\/index.php\/wp-json\/wp\/v2\/posts\/9288\/revisions\/9290"}],"wp:featuredmedia":[{"embeddable":true,"href":"https:\/\/www.actualidadadiario.com\/index.php\/wp-json\/wp\/v2\/media\/9289"}],"wp:attachment":[{"href":"https:\/\/www.actualidadadiario.com\/index.php\/wp-json\/wp\/v2\/media?parent=9288"}],"wp:term":[{"taxonomy":"category","embeddable":true,"href":"https:\/\/www.actualidadadiario.com\/index.php\/wp-json\/wp\/v2\/categories?post=9288"},{"taxonomy":"post_tag","embeddable":true,"href":"https:\/\/www.actualidadadiario.com\/index.php\/wp-json\/wp\/v2\/tags?post=9288"}],"curies":[{"name":"wp","href":"https:\/\/api.w.org\/{rel}","templated":true}]}}