{"id":9285,"date":"2017-03-30T10:24:22","date_gmt":"2017-03-30T13:24:22","guid":{"rendered":"http:\/\/actualidadadiario.com\/site\/?p=9285"},"modified":"2017-03-30T10:24:22","modified_gmt":"2017-03-30T13:24:22","slug":"servini-aseguro-que-lorenzetti-tiene-otro-interes-al-restablecer-la-edad-jubilatoria-en-75-anos","status":"publish","type":"post","link":"https:\/\/www.actualidadadiario.com\/index.php\/2017\/03\/30\/servini-aseguro-que-lorenzetti-tiene-otro-interes-al-restablecer-la-edad-jubilatoria-en-75-anos\/","title":{"rendered":"Servini asegur\u00f3 que Lorenzetti tiene otro inter\u00e9s al restablecer la edad jubilatoria en 75 a\u00f1os"},"content":{"rendered":"<p><em><strong>La magistrada federal record\u00f3 que investiga al titular de la Corte Suprema por una denuncia que lo vincula a desv\u00edo de dineros en la causa F\u00fatbol Para Todos<\/strong><\/em><\/p>\n<p>&nbsp;<\/p>\n<p>&nbsp;<\/p>\n<p>&nbsp;<\/p>\n<p>Mar\u00eda Romilda Servini cuestion\u00f3 el fallo de la Corte Suprema que restablece los 75 a\u00f1os como edad jubilatoria de los magistrados. Para la jueza federal, se trata de una ofensiva contra su persona, ya que tiene a su cargo una denuncia contra Ricardo Lorenzetti en la causa F\u00fatbol Para Todos.<\/p>\n<p>&nbsp;<\/p>\n<p>La juez de 80 a\u00f1os consider\u00f3 que dicho fallo &#8220;est\u00e1 digitado&#8221; en su &#8220;contra&#8221; porque &#8220;Lorenzetti est\u00e1 en la denuncia y yo estoy investigando una mutual (Pyme Rural) que la C\u00e1mara Federal me exigi\u00f3 que investigue&#8221;.<\/p>\n<p>&nbsp;<\/p>\n<p>En declaraciones, Servini admiti\u00f3 que en la contabilidad de Pyme Rural, vinculada a Lorenzetti y familiares suyos, &#8220;se detectaron movimientos de cuentas de cheques de clubes&#8221; que habr\u00edan recibido fondos del programa F\u00fatbol para Todos.<\/p>\n<p>&nbsp;<\/p>\n<p>Adem\u00e1s record\u00f3 que el Consejo de la Magistratura de la Naci\u00f3n relev\u00f3 del puesto de administrador a su hijo, Juan Cubr\u00eda, &#8220;porque no roba&#8221;, y afirm\u00f3: &#8220;Ya lo dijo Ren\u00e9 Favaloro cuando se suicid\u00f3: &#8216;Es dif\u00edcil ser decente en este mundo'&#8221;.<\/p>\n<p>&nbsp;<\/p>\n<p>&#8220;Primero fue mi hijo y ahora soy yo, porque tengo una denuncia contra el doctor Lorenzetti y no la cerramos y necesitan cerrarla\u201d, dijo la jueza sobre la causa iniciada por una denuncia de la diputada Elisa Carri\u00f3.<\/p>\n<p>&nbsp;<\/p>\n<p>&#8220;\u00bfNo llama la atenci\u00f3n que lo hayan apurado para salir ahora? A m\u00ed me llama la atenci\u00f3n que salga en este momento, justo cuando los medios me est\u00e1n imputado que estoy en contra del doctor Lorenzetti&#8221;, se pregunt\u00f3.<\/p>\n<p>&nbsp;<\/p>\n<p>&#8220;El sistema en la Justicia no est\u00e1 bien, no nos enga\u00f1emos. El clima est\u00e1 raro, no es un clima normal el que estamos viviendo&#8221;, afirm\u00f3 la jueza y se quej\u00f3: &#8220;No podemos vivir de aprietes, basta de aprietes&#8221;.<\/p>\n","protected":false},"excerpt":{"rendered":"<p>La magistrada federal record\u00f3 que investiga al titular de la Corte Suprema por una denuncia que lo vincula a desv\u00edo de dineros en la causa F\u00fatbol Para Todos &nbsp; &nbsp; &nbsp; Mar\u00eda Romilda Servini cuestion\u00f3 el fallo de la Corte Suprema que restablece los 75 a\u00f1os como edad jubilatoria de los magistrados. Para la jueza federal, se trata de una ofensiva contra su persona, ya que tiene a su cargo una denuncia contra Ricardo Lorenzetti en la causa F\u00fatbol Para Todos. &nbsp; La juez de 80 a\u00f1os consider\u00f3 que dicho&#8230;<\/p>\n","protected":false},"author":3,"featured_media":9286,"comment_status":"closed","ping_status":"closed","sticky":false,"template":"","format":"standard","meta":[],"categories":[18],"tags":[],"_links":{"self":[{"href":"https:\/\/www.actualidadadiario.com\/index.php\/wp-json\/wp\/v2\/posts\/9285"}],"collection":[{"href":"https:\/\/www.actualidadadiario.com\/index.php\/wp-json\/wp\/v2\/posts"}],"about":[{"href":"https:\/\/www.actualidadadiario.com\/index.php\/wp-json\/wp\/v2\/types\/post"}],"author":[{"embeddable":true,"href":"https:\/\/www.actualidadadiario.com\/index.php\/wp-json\/wp\/v2\/users\/3"}],"replies":[{"embeddable":true,"href":"https:\/\/www.actualidadadiario.com\/index.php\/wp-json\/wp\/v2\/comments?post=9285"}],"version-history":[{"count":1,"href":"https:\/\/www.actualidadadiario.com\/index.php\/wp-json\/wp\/v2\/posts\/9285\/revisions"}],"predecessor-version":[{"id":9287,"href":"https:\/\/www.actualidadadiario.com\/index.php\/wp-json\/wp\/v2\/posts\/9285\/revisions\/9287"}],"wp:featuredmedia":[{"embeddable":true,"href":"https:\/\/www.actualidadadiario.com\/index.php\/wp-json\/wp\/v2\/media\/9286"}],"wp:attachment":[{"href":"https:\/\/www.actualidadadiario.com\/index.php\/wp-json\/wp\/v2\/media?parent=9285"}],"wp:term":[{"taxonomy":"category","embeddable":true,"href":"https:\/\/www.actualidadadiario.com\/index.php\/wp-json\/wp\/v2\/categories?post=9285"},{"taxonomy":"post_tag","embeddable":true,"href":"https:\/\/www.actualidadadiario.com\/index.php\/wp-json\/wp\/v2\/tags?post=9285"}],"curies":[{"name":"wp","href":"https:\/\/api.w.org\/{rel}","templated":true}]}}