{"id":9282,"date":"2017-03-30T10:23:25","date_gmt":"2017-03-30T13:23:25","guid":{"rendered":"http:\/\/actualidadadiario.com\/site\/?p=9282"},"modified":"2017-03-30T10:23:25","modified_gmt":"2017-03-30T13:23:25","slug":"este-es-un-gobierno-de-muchachos-caprichosos-acostumbrados-a-mandar","status":"publish","type":"post","link":"https:\/\/www.actualidadadiario.com\/index.php\/2017\/03\/30\/este-es-un-gobierno-de-muchachos-caprichosos-acostumbrados-a-mandar\/","title":{"rendered":"&#8220;Este es un gobierno de muchachos caprichosos acostumbrados a mandar&#8221;"},"content":{"rendered":"<p><em><strong>Uno de los tres secretarios generales de la Confederaci\u00f3n General del Trabajo (CGT), Carlos Acu\u00f1a, volvi\u00f3 a justificar el paro nacional convocado para el 6 de abril pr\u00f3ximo al advertir que &#8220;nadie llega a fin de mes&#8221; y que incluso los trabajadores que &#8220;ganan bien&#8221; se tienen que &#8220;privar de un mont\u00f3n de cosas&#8221;<\/strong><\/em><\/p>\n<p>&nbsp;<\/p>\n<p>&nbsp;<\/p>\n<p>&nbsp;<\/p>\n<p>&nbsp;<\/p>\n<p>&#8220;Nadie llega a fin de mes y el que gana bien hoy se tiene que privar de un mont\u00f3n de cosas para seguir manteni\u00e9ndose. La clase media tambi\u00e9n est\u00e1 perdiendo poder adquisitivo. Las pymes est\u00e1n cerrando sus establecimientos en todos los rubros&#8221;, afirm\u00f3 Acu\u00f1a en declaraciones a radio Futurock. Asimismo, el integrante del triunvirato que encabeza la CGT advirti\u00f3 que &#8220;este es un gobierno de muchachos caprichosos que est\u00e1n acostumbrados a mandar&#8221;.<\/p>\n<p>&nbsp;<\/p>\n<p>&#8220;Creen que uno tiene que hacer lo que ellos dicen y el Gobierno tiene que mantener el equilibrio entre el capital y el trabajo&#8221;, subray\u00f3. Aem\u00e1s, Acu\u00f1a se\u00f1al\u00f3 que &#8220;hay un consenso generalizado en el paro producto del bajo poder adquisitivo de los trabajadores&#8221;.<\/p>\n<p>&nbsp;<\/p>\n<p>Para Acu\u00f1a, &#8220;el paro es una herramienta constitucional que tenemos los trabajadores para exigir respuestas a nuestros reclamos y para decirle a los que gobiernan que tienen que darnos una soluci\u00f3n&#8221;. Seg\u00fan dijo, &#8220;el Gobierno no cumple con el documento que firm\u00f3 en diciembre sobre despidos y mira para otro lado&#8221;, al tiempo que volvi\u00f3 a justificar el paro nacional del 6 de abril.<\/p>\n<p>&nbsp;<\/p>\n<p>&#8220;No tiene que tener el desequilibrio a favor del capital, como lo est\u00e1 haciendo este gobierno. No se puede imponer un aumento salarial del 18% para los docentes mientras los aumentos que le hemos dado a Mar\u00eda Eugenia Vidal en la Provincia de Buenos Aires es de, en promedio, el 36 por ciento&#8221;, remarc\u00f3.<\/p>\n<p>&nbsp;<\/p>\n<p>Adem\u00e1s, propuso &#8220;cerrar las paritarias por seis meses&#8221; y se pregunt\u00f3 &#8220;qu\u00e9 diferencia hay con la cl\u00e1usula gatillo porque el a\u00f1o pasado cerramos por seis meses y despu\u00e9s nos sentamos y volvimos a discutir los otros seis meses&#8221;.<\/p>\n","protected":false},"excerpt":{"rendered":"<p>Uno de los tres secretarios generales de la Confederaci\u00f3n General del Trabajo (CGT), Carlos Acu\u00f1a, volvi\u00f3 a justificar el paro nacional convocado para el 6 de abril pr\u00f3ximo al advertir que &#8220;nadie llega a fin de mes&#8221; y que incluso los trabajadores que &#8220;ganan bien&#8221; se tienen que &#8220;privar de un mont\u00f3n de cosas&#8221; &nbsp; &nbsp; &nbsp; &nbsp; &#8220;Nadie llega a fin de mes y el que gana bien hoy se tiene que privar de un mont\u00f3n de cosas para seguir manteni\u00e9ndose. La clase media tambi\u00e9n est\u00e1 perdiendo poder adquisitivo&#8230;.<\/p>\n","protected":false},"author":3,"featured_media":9283,"comment_status":"closed","ping_status":"closed","sticky":false,"template":"","format":"standard","meta":[],"categories":[9],"tags":[],"_links":{"self":[{"href":"https:\/\/www.actualidadadiario.com\/index.php\/wp-json\/wp\/v2\/posts\/9282"}],"collection":[{"href":"https:\/\/www.actualidadadiario.com\/index.php\/wp-json\/wp\/v2\/posts"}],"about":[{"href":"https:\/\/www.actualidadadiario.com\/index.php\/wp-json\/wp\/v2\/types\/post"}],"author":[{"embeddable":true,"href":"https:\/\/www.actualidadadiario.com\/index.php\/wp-json\/wp\/v2\/users\/3"}],"replies":[{"embeddable":true,"href":"https:\/\/www.actualidadadiario.com\/index.php\/wp-json\/wp\/v2\/comments?post=9282"}],"version-history":[{"count":1,"href":"https:\/\/www.actualidadadiario.com\/index.php\/wp-json\/wp\/v2\/posts\/9282\/revisions"}],"predecessor-version":[{"id":9284,"href":"https:\/\/www.actualidadadiario.com\/index.php\/wp-json\/wp\/v2\/posts\/9282\/revisions\/9284"}],"wp:featuredmedia":[{"embeddable":true,"href":"https:\/\/www.actualidadadiario.com\/index.php\/wp-json\/wp\/v2\/media\/9283"}],"wp:attachment":[{"href":"https:\/\/www.actualidadadiario.com\/index.php\/wp-json\/wp\/v2\/media?parent=9282"}],"wp:term":[{"taxonomy":"category","embeddable":true,"href":"https:\/\/www.actualidadadiario.com\/index.php\/wp-json\/wp\/v2\/categories?post=9282"},{"taxonomy":"post_tag","embeddable":true,"href":"https:\/\/www.actualidadadiario.com\/index.php\/wp-json\/wp\/v2\/tags?post=9282"}],"curies":[{"name":"wp","href":"https:\/\/api.w.org\/{rel}","templated":true}]}}