{"id":9279,"date":"2017-03-30T10:22:36","date_gmt":"2017-03-30T13:22:36","guid":{"rendered":"http:\/\/actualidadadiario.com\/site\/?p=9279"},"modified":"2017-03-30T10:22:36","modified_gmt":"2017-03-30T13:22:36","slug":"macri-logra-voto-clave-senado-sanciono-ley-de-emprendedores","status":"publish","type":"post","link":"https:\/\/www.actualidadadiario.com\/index.php\/2017\/03\/30\/macri-logra-voto-clave-senado-sanciono-ley-de-emprendedores\/","title":{"rendered":"Macri logra voto clave: Senado sancion\u00f3 ley de emprendedores"},"content":{"rendered":"<p><em><strong>La norma permitir\u00e1 la creaci\u00f3n de Sociedades por Acciones Simplificadas (SAS), que podr\u00e1n ser dadas de alta con un CUIT en un d\u00eda<\/strong><\/em><\/p>\n<p>&nbsp;<\/p>\n<p>&nbsp;<\/p>\n<p>&nbsp;<\/p>\n<p>&nbsp;<\/p>\n<p>El Senado convirti\u00f3 ayer en ley el proyecto sobre emprendedores, otras de las iniciativas fetiche de Mauricio Macri: el texto habilita la creaci\u00f3n de Sociedades por Acciones Simplificadas (SAS), que permitir\u00e1n la apertura v\u00eda internet de una empresa en un plazo no mayor a las 24 horas, incluida la activaci\u00f3n de una cuenta bancaria en el acto y el CUIT.<\/p>\n<p>&nbsp;<\/p>\n<p>La sanci\u00f3n de la ley, sincronizada junto al Ministerio de Producci\u00f3n, es un nuevo gui\u00f1o a Francisco Cabera, a quien Macri blind\u00f3 el jueves pasado con el aval para presentar una nueva ley de compre nacional.<\/p>\n<p>&nbsp;<\/p>\n<p>El proyecto adem\u00e1s crea un Registro de Instituciones de Capital Emprendedor y un Fondo Fiduciario para el Desarrollo del Capital Emprendedor (FONDCE), con el cual se podr\u00e1n financiar emprendimientos de forma conjunta con el sector privado.<\/p>\n<p>&nbsp;<\/p>\n<p>Una serie de beneficios impositivos para la inversi\u00f3n de capital, cuyos aportes podr\u00e1n ser deducidos del Impuesto a las Ganancias, fueron el punto de mayor discusi\u00f3n durante la sesi\u00f3n de ayer.<\/p>\n<p>&nbsp;<\/p>\n<p>De hecho, en noviembre pasado, la iniciativa estuvo a punto de naufragar por la advertencia de legisladores y los fondos que se le cortar\u00edan a las provincias en cuanto a la divisi\u00f3n de la recaudaci\u00f3n. El titular provisional del Senado, Federico Pinedo (Cambiemos), pidi\u00f3 la devoluci\u00f3n del texto a comisi\u00f3n y salv\u00f3 al oficialismo.<\/p>\n<p>&nbsp;<\/p>\n<p>Quien apunt\u00f3 con mayor precisi\u00f3n a la merma de los giros coparticipables fue la peronista disidente Liliana Negre de Alonso (San Luis). &#8220;Ser federal es reconocer autonom\u00eda de las provincias, y sacarle plata es hacerlas arrodillar&#8221;, dispar\u00f3 la puntana, que adem\u00e1s agreg\u00f3: &#8220;Esta ley le da todos los beneficios a los grandes grupos econ\u00f3micos nacionales y extranjeros a costa de nuestros fondos coparticipables&#8221;.<\/p>\n<p>&nbsp;<\/p>\n<p>El nervio de la discusi\u00f3n corri\u00f3 por el art\u00edculo 8, que impone que la AFIP establecer\u00e1 un cupo m\u00e1ximo anual para la aplicaci\u00f3n del 0,2% del PBI nominal&#8221;, que &#8220;ser\u00e1 asignado contra el compromiso de inversi\u00f3n y de acuerdo con el mecanismo que establezca el Poder Ejecutivo&#8221;.<\/p>\n<p>&nbsp;<\/p>\n<p>Adem\u00e1s, se &#8220;podr\u00e1 reducir el porcentaje de la ganancia neta del ejercicio que opera como l\u00edmite a la deducci\u00f3n&#8221; prevista en el art\u00edculo anterior, que habla de los beneficios y que deja en claro que las mismas &#8220;no podr\u00e1n exceder del 75% de tales aportes, y hasta el l\u00edmite del 10% de la ganancia neta sujeta a impuesto del ejercicio o su proporcional a los meses del inicio de actividades&#8221;.<\/p>\n<p>&nbsp;<\/p>\n<p>En defensa de la iniciativa, el sanjuanino Roberto Basualdo, titular de la comisi\u00f3n de Econom\u00edas Regionales, Econom\u00eda Social y Pymes, se\u00f1al\u00f3 el trabajo que hace cuatro a\u00f1os se inici\u00f3 en esa c\u00e1mara y que en la actualidad, activar un emprendimiento (SRL Argentina) lleva entre 80 y 90 d\u00edas.<\/p>\n<p>&nbsp;<\/p>\n<p>Desde el PRO, la jefa del bloque, Laura Machado, manifest\u00f3 la necesidad de contar una ley para quienes piensan &#8220;que el trabajo de individual de muchos genera un beneficio colectivo y reactivaci\u00f3n econ\u00f3mica&#8221;.<\/p>\n<p>&nbsp;<\/p>\n<p>En general, la iniciativa obtuvo 57 votos a favor. Luego, en particular, algunos art\u00edculos recibieron pocos rechazos, y el proyecto qued\u00f3 listo para ser publicado en el Bolet\u00edn Oficial.<\/p>\n<p>&nbsp;<\/p>\n<p>Como el debate sobre emprendedores -y homenajes varios- extendieron la sesi\u00f3n, el peronista Juan Manuel Abal Medina propuso votar el proyecto sobre la investigaci\u00f3n m\u00e9dica y cient\u00edfica del uso medicinal de la planta de cannabis, que logr\u00f3 unanimidad de los senadores y fue convertido en ley.<\/p>\n","protected":false},"excerpt":{"rendered":"<p>La norma permitir\u00e1 la creaci\u00f3n de Sociedades por Acciones Simplificadas (SAS), que podr\u00e1n ser dadas de alta con un CUIT en un d\u00eda &nbsp; &nbsp; &nbsp; &nbsp; El Senado convirti\u00f3 ayer en ley el proyecto sobre emprendedores, otras de las iniciativas fetiche de Mauricio Macri: el texto habilita la creaci\u00f3n de Sociedades por Acciones Simplificadas (SAS), que permitir\u00e1n la apertura v\u00eda internet de una empresa en un plazo no mayor a las 24 horas, incluida la activaci\u00f3n de una cuenta bancaria en el acto y el CUIT. &nbsp; La sanci\u00f3n&#8230;<\/p>\n","protected":false},"author":3,"featured_media":9280,"comment_status":"closed","ping_status":"closed","sticky":false,"template":"","format":"standard","meta":[],"categories":[18],"tags":[],"_links":{"self":[{"href":"https:\/\/www.actualidadadiario.com\/index.php\/wp-json\/wp\/v2\/posts\/9279"}],"collection":[{"href":"https:\/\/www.actualidadadiario.com\/index.php\/wp-json\/wp\/v2\/posts"}],"about":[{"href":"https:\/\/www.actualidadadiario.com\/index.php\/wp-json\/wp\/v2\/types\/post"}],"author":[{"embeddable":true,"href":"https:\/\/www.actualidadadiario.com\/index.php\/wp-json\/wp\/v2\/users\/3"}],"replies":[{"embeddable":true,"href":"https:\/\/www.actualidadadiario.com\/index.php\/wp-json\/wp\/v2\/comments?post=9279"}],"version-history":[{"count":1,"href":"https:\/\/www.actualidadadiario.com\/index.php\/wp-json\/wp\/v2\/posts\/9279\/revisions"}],"predecessor-version":[{"id":9281,"href":"https:\/\/www.actualidadadiario.com\/index.php\/wp-json\/wp\/v2\/posts\/9279\/revisions\/9281"}],"wp:featuredmedia":[{"embeddable":true,"href":"https:\/\/www.actualidadadiario.com\/index.php\/wp-json\/wp\/v2\/media\/9280"}],"wp:attachment":[{"href":"https:\/\/www.actualidadadiario.com\/index.php\/wp-json\/wp\/v2\/media?parent=9279"}],"wp:term":[{"taxonomy":"category","embeddable":true,"href":"https:\/\/www.actualidadadiario.com\/index.php\/wp-json\/wp\/v2\/categories?post=9279"},{"taxonomy":"post_tag","embeddable":true,"href":"https:\/\/www.actualidadadiario.com\/index.php\/wp-json\/wp\/v2\/tags?post=9279"}],"curies":[{"name":"wp","href":"https:\/\/api.w.org\/{rel}","templated":true}]}}