{"id":9276,"date":"2017-03-30T10:20:36","date_gmt":"2017-03-30T13:20:36","guid":{"rendered":"http:\/\/actualidadadiario.com\/site\/?p=9276"},"modified":"2017-03-30T10:20:36","modified_gmt":"2017-03-30T13:20:36","slug":"congreso-sanciono-la-legalizacion-del-cannabis-medicinal","status":"publish","type":"post","link":"https:\/\/www.actualidadadiario.com\/index.php\/2017\/03\/30\/congreso-sanciono-la-legalizacion-del-cannabis-medicinal\/","title":{"rendered":"Congreso sancion\u00f3 la legalizaci\u00f3n del cannabis medicinal"},"content":{"rendered":"<p><em><strong>El proyecto sobre la investigaci\u00f3n m\u00e9dica y cient\u00edfica del uso medicinal de la planta de cannabis y de sus derivados para el tratamiento de enfermedades como la epilepsia o el Alzheimer, fue convertido en ley este mi\u00e9rcoles por la C\u00e1mara de Senadores por unanimidad y sin debate<\/strong><\/em><\/p>\n<p>&nbsp;<\/p>\n<p>&nbsp;<\/p>\n<p>&nbsp;<\/p>\n<p>&nbsp;<\/p>\n<p>&nbsp;<\/p>\n<p>La iniciativa fue apoyada por todos los bloques y votada en un r\u00e1pido tr\u00e1mite a pedido del senador del Frente para la Victoria Juan Manuel Abal Medina, quien requiri\u00f3 que se apuraran los tiempos debido a que la sesi\u00f3n se ven\u00eda extendiendo durante cinco horas por otros asuntos y un grupo de madres y ni\u00f1os que apoyaban la sanci\u00f3n esperaban en un sal\u00f3n contiguo.<\/p>\n<p>&nbsp;<\/p>\n<p>El proyecto aprobado establece un marco regulatorio para la investigaci\u00f3n m\u00e9dica y cient\u00edfica del uso medicinal, terap\u00e9utico y paliativo del dolor de la planta de cannabis y crea un programa nacional para el estudio y la investigaci\u00f3n de su uso.<\/p>\n<p>&nbsp;<\/p>\n<p>El Ministerio de Salud, adem\u00e1s, debe garantizar el aprovisionamiento de los insumos necesarios, ya sea a trav\u00e9s de la importaci\u00f3n o la producci\u00f3n por parte del Estado nacional, para lo que autoriza el cultivo de plantas de marihuana al Conicet y al INTA.<\/p>\n<p>&nbsp;<\/p>\n<p>Por su parte, la Administraci\u00f3n Nacional de Medicamentos, Alimentos y Tecnolog\u00eda M\u00e9dica (Anmat) permitir\u00e1 la importaci\u00f3n de aceite de cannabis, cuya provisi\u00f3n ser\u00e1 gratuita para quienes est\u00e9n incorporados al programa a trav\u00e9s de un registro nacional.<\/p>\n<p>&nbsp;<\/p>\n<p>Finalmente, el proyecto establece que el Estado impulsar\u00e1 la producci\u00f3n p\u00fablica de cannabis y su industrializaci\u00f3n para uso exclusivamente medicinal, terap\u00e9utico y de investigaci\u00f3n.<\/p>\n<p>&nbsp;<\/p>\n<p>El proyecto fue r\u00e1pidamente debatido en comisi\u00f3n por la C\u00e1mara alta, ya que ayer obtuvo dictamen y hoy fue aprobado sobre tablas en la que fue la primera sesi\u00f3n ordinaria del a\u00f1o del Senado.<\/p>\n<p>&nbsp;<\/p>\n<p>Sobre el alcance de la iniciativa, Abal Medina afirm\u00f3 que &#8220;este proyecto quiere acompa\u00f1ar a las madres y padres en la b\u00fasqueda de aquellos tratamientos que mejoren la salud o colaboren con el bienestar de sus hijos&#8221;.<\/p>\n<p>&nbsp;<\/p>\n<p>&#8220;El Estado no puede ser indiferente ante ese dolor y esa b\u00fasqueda. Y es importante que esta ley sea puesta en marcha de manera inmediata&#8221;, enfatiz\u00f3 el senador bonaerense.<\/p>\n<p>&nbsp;<\/p>\n<p>En tanto, la presidenta de la Comisi\u00f3n de Salud, la radical Silvia El\u00edas de P\u00e9rez record\u00f3 que &#8220;el Estado estar\u00e1 a la cabeza de la investigaci\u00f3n cient\u00edfica y cl\u00ednica de los beneficios del cannabis en distintas enfermedades&#8221;.<\/p>\n<p>&nbsp;<\/p>\n<p>&#8220;El proyecto no solo promueve la concientizaci\u00f3n, sino que garantiza el acceso gratuito al aceite de c\u00e1\u00f1amo y dem\u00e1s derivados del cannabis a toda persona que se incorpore al programa&#8221;, anunci\u00f3.<\/p>\n<p>&nbsp;<\/p>\n<p>Mar\u00eda Laura Alasi, la primera madre en obtener la autorizaci\u00f3n de la Anmat para importar ese producto a fin de tratar la epilepsia refractaria que padece su hija de cuatro a\u00f1os, asegur\u00f3 que la ley es &#8220;un sue\u00f1o cumplido&#8221; para todas las familias que lo necesitan y corona &#8220;tanta lucha&#8221; para lograrla.<\/p>\n<p>&nbsp;<\/p>\n<p>Alasi, quien es fundadora de Cannabis Medicinal Argentina (Cameda), se mostr\u00f3 satisfecha con el aporte realizado por su familia a esta causa al impulsar el primer pedido de importaci\u00f3n, tras el cual otras 200 familias obtuvieron respuestas similares.<\/p>\n<p>&nbsp;<\/p>\n<p>En octubre de 2015 la Administraci\u00f3n Nacional de Medicamentos, Alimentos y Tecnolog\u00eda (Anmat) autoriz\u00f3 la la importaci\u00f3n de aceite de Cannabis &#8220;Charlotte&#8221; para la hija de Alasi, que experiment\u00f3 una evoluci\u00f3n importante de su enfermedad.<\/p>\n<p>&nbsp;<\/p>\n<p>La nena &#8220;fue diagnosticada de s\u00edndrome de West a los 7 meses, pero con el tiempo se le transform\u00f3 en una epilepsia refractaria&#8221;, que &#8220;le produce crisis convulsivas y un consecuente retraso madurativo&#8221;, cont\u00f3.<\/p>\n<p>&nbsp;<\/p>\n<p>Cuando empez\u00f3 a tratarse con el aceite de cannabis &#8220;ten\u00eda 100 convulsiones diarias que duraban 40 minutos, y ahora tiene algunos per\u00edodos de inestabilidad, por eso es importante que los m\u00e9dicos y cient\u00edficos nos acompa\u00f1en para dar con la dosis justa&#8221;, explic\u00f3.<\/p>\n<p>&nbsp;<\/p>\n<p>Ahora la nena &#8220;est\u00e1 conectada (con quienes la rodean), nos mira y nos sonr\u00ede&#8221;, porque adem\u00e1s pudo dejar las 10 pastillas anticonvulsivas que tomaba antes por d\u00eda&#8221;, dijo Alasi, que tambi\u00e9n quiere el autocultivo.<\/p>\n<p>&nbsp;<\/p>\n<p>&#8220;A veces una sola variedad de aceite no cubre todas las necesidades y lo que aprendimos con m\u00e9dicos es que tiene que rotar el tipo de cannabis para que no se produzca el acostumbramiento&#8221;, explic\u00f3.<\/p>\n","protected":false},"excerpt":{"rendered":"<p>El proyecto sobre la investigaci\u00f3n m\u00e9dica y cient\u00edfica del uso medicinal de la planta de cannabis y de sus derivados para el tratamiento de enfermedades como la epilepsia o el Alzheimer, fue convertido en ley este mi\u00e9rcoles por la C\u00e1mara de Senadores por unanimidad y sin debate &nbsp; &nbsp; &nbsp; &nbsp; &nbsp; La iniciativa fue apoyada por todos los bloques y votada en un r\u00e1pido tr\u00e1mite a pedido del senador del Frente para la Victoria Juan Manuel Abal Medina, quien requiri\u00f3 que se apuraran los tiempos debido a que la&#8230;<\/p>\n","protected":false},"author":3,"featured_media":9277,"comment_status":"closed","ping_status":"closed","sticky":false,"template":"","format":"standard","meta":[],"categories":[18],"tags":[],"_links":{"self":[{"href":"https:\/\/www.actualidadadiario.com\/index.php\/wp-json\/wp\/v2\/posts\/9276"}],"collection":[{"href":"https:\/\/www.actualidadadiario.com\/index.php\/wp-json\/wp\/v2\/posts"}],"about":[{"href":"https:\/\/www.actualidadadiario.com\/index.php\/wp-json\/wp\/v2\/types\/post"}],"author":[{"embeddable":true,"href":"https:\/\/www.actualidadadiario.com\/index.php\/wp-json\/wp\/v2\/users\/3"}],"replies":[{"embeddable":true,"href":"https:\/\/www.actualidadadiario.com\/index.php\/wp-json\/wp\/v2\/comments?post=9276"}],"version-history":[{"count":1,"href":"https:\/\/www.actualidadadiario.com\/index.php\/wp-json\/wp\/v2\/posts\/9276\/revisions"}],"predecessor-version":[{"id":9278,"href":"https:\/\/www.actualidadadiario.com\/index.php\/wp-json\/wp\/v2\/posts\/9276\/revisions\/9278"}],"wp:featuredmedia":[{"embeddable":true,"href":"https:\/\/www.actualidadadiario.com\/index.php\/wp-json\/wp\/v2\/media\/9277"}],"wp:attachment":[{"href":"https:\/\/www.actualidadadiario.com\/index.php\/wp-json\/wp\/v2\/media?parent=9276"}],"wp:term":[{"taxonomy":"category","embeddable":true,"href":"https:\/\/www.actualidadadiario.com\/index.php\/wp-json\/wp\/v2\/categories?post=9276"},{"taxonomy":"post_tag","embeddable":true,"href":"https:\/\/www.actualidadadiario.com\/index.php\/wp-json\/wp\/v2\/tags?post=9276"}],"curies":[{"name":"wp","href":"https:\/\/api.w.org\/{rel}","templated":true}]}}