{"id":9273,"date":"2017-03-30T10:19:06","date_gmt":"2017-03-30T13:19:06","guid":{"rendered":"http:\/\/actualidadadiario.com\/site\/?p=9273"},"modified":"2017-03-30T10:19:06","modified_gmt":"2017-03-30T13:19:06","slug":"arranca-el-ingreso-al-pais-de-notebooks-y-tablets-sin-aranceles-por-importacion","status":"publish","type":"post","link":"https:\/\/www.actualidadadiario.com\/index.php\/2017\/03\/30\/arranca-el-ingreso-al-pais-de-notebooks-y-tablets-sin-aranceles-por-importacion\/","title":{"rendered":"Arranca el ingreso al pa\u00eds de notebooks y tablets sin aranceles por importaci\u00f3n"},"content":{"rendered":"<p><em><strong>De a poco se notar\u00e1 una mayor variedad de modelos en los comercios, de diferentes valores. Estiman que la demanda podr\u00eda crecer hasta un 15%<\/strong><\/em><\/p>\n<p>&nbsp;<\/p>\n<p>&nbsp;<\/p>\n<p>&nbsp;<\/p>\n<p>&nbsp;<\/p>\n<p>El s\u00e1bado comienza a regir el arancel 0% para importar computadoras, notebooks, tablets y AllInOne. Pero la oferta en los comercios ir\u00e1 creciendo gradualmente, a medida que los embarques comiencen a llegar y se realice la distribuci\u00f3n.<\/p>\n<p>&nbsp;<\/p>\n<p>Al informar sobre la decisi\u00f3n de reducir de 35% a 0% el arancel al ingreso de estos productos, el Gobierno hab\u00eda anunciado que habr\u00eda una baja similar en los precios al p\u00fablico. Pero como los productos nacionales en oferta comenzaron a bajar sus precios desde agosto, cuando se dijo que el fin del arancel entrar\u00eda en vigencia en enero, no habr\u00e1 grandes cambios en los valores de los nuevos modelos con caracter\u00edsticas similares. S\u00ed se notar\u00e1 una mayor variedad en oferta, en forma paulatina, de todo tipo de gamas, desde las m\u00e1s b\u00e1sicas hasta las m\u00e1s altas, lo cual servir\u00eda para alentar la alica\u00edda demanda.<\/p>\n<p>&nbsp;<\/p>\n<p>&#8220;El precio baj\u00f3 en forma anticipada cuando se tom\u00f3 la decisi\u00f3n de quitar el arancel. En general, a memoria y procesadores similares, los precios de los productos no van a variar mucho. Pero s\u00ed habr\u00e1 muchos modelos y dise\u00f1os y m\u00e1s marcas internacionales, que antes con el arancel, no hab\u00eda&#8221;, explic\u00f3 Alejandro Taszma, gerente Comercial de Fr\u00e1vega. &#8220;Incluso llegar\u00e1n equipos al mismo tiempo de su lanzamiento mundial&#8221;, comentaron desde Fr\u00e1vega.<\/p>\n<p>&nbsp;<\/p>\n<p>&#8220;Desde agosto, que se conoci\u00f3 la noticia, las productos bajaron sus precios para liquidar stock. Las marcas nacionales tendr\u00e1n continuidad, pero en lugar de productos argentinos vender\u00e1n otros importados con su nombre. Esos productos, que ten\u00edan precios de entrada, m\u00e1s accesibles, no tienen margen para bajar m\u00e1s, porque ya lo hicieron&#8221;, explic\u00f3 Santiago G\u00f3mez Brumana, gerente Comercial de Garbarino. &#8220;Pero los de gama media y alta, desde los $ 8.000 o $ 9.000, podr\u00edan bajar un 10% o 15%; los de mayor valor tienen m\u00e1s margen para bajar, pero son productos que hoy casi no tienen oferta&#8221;, agreg\u00f3.<\/p>\n<p>&nbsp;<\/p>\n<p>Desde el a\u00f1o pasado, a partir de agosto, comenzaron a bajar los precios al p\u00fablico; hacia noviembre, ya rondaban una rebaja de 30%, en un contexto donde se anunciaba el ingreso de productos importados sin arancel ni limitaciones, en un mercado con una demanda en retroceso, de un 25%, en parte por la p\u00e9rdida de poder adquisitivo, pero tambi\u00e9n por una tendencia mundial. Pero su baja fue importante, en un pa\u00eds donde la inflaci\u00f3n rond\u00f3 el 42%.<\/p>\n<p>&nbsp;<\/p>\n<p>Como habr\u00e1 m\u00e1s variedad de modelos y de todas las gamas, tambi\u00e9n con mejores procesadores, en el sector estiman que la demanda podr\u00eda crecer un 15%. En el Gobierno hab\u00edan augurado que se podr\u00edan duplicar las ventas, al abaratarse los costos y poder acceder m\u00e1s personas a estos productos.<\/p>\n<p>&nbsp;<\/p>\n<p>Por los costos argentinos \u0096impuestos internos, valores de log\u00edstica, alquiler, mano de obra\u0096, los precios no ser\u00e1n m\u00e1s baratos que en otros pa\u00edses, como Chile, donde tambi\u00e9n ingresan sin arancel pero cuentan con costos m\u00e1s bajos.<\/p>\n<p>&nbsp;<\/p>\n<p>La medida gener\u00f3 m\u00e1s de 700 despidos en el sector inform\u00e1tico argentino, cifra que se estima en 5000 si se incluyen PCs, ya que las empresas que produc\u00edan computadoras no pueden competir con los costos chinos. A trav\u00e9s de las c\u00e1maras empresariales, intentaron alternativas intermedias para bajar los precios al p\u00fablico y poder seguir fabricando, sin \u00e9xito.<\/p>\n<p>&nbsp;<\/p>\n<p>Ahora, empresas como Positivo BGH; Newsan (Noblex); Radio Victoria, Digital Fueguina; PC Arts Argentina (Bangh\u00f3); Exo; Novatech; Corporate Corp (Ken Brown); Grupo N\u00facleo; Air Computers o PcBox, que ya cerraron plantas o despidieron parte de su personal, se dedicar\u00e1n a vender productos importados de su marca, pero con menos personal.<\/p>\n","protected":false},"excerpt":{"rendered":"<p>De a poco se notar\u00e1 una mayor variedad de modelos en los comercios, de diferentes valores. Estiman que la demanda podr\u00eda crecer hasta un 15% &nbsp; &nbsp; &nbsp; &nbsp; El s\u00e1bado comienza a regir el arancel 0% para importar computadoras, notebooks, tablets y AllInOne. Pero la oferta en los comercios ir\u00e1 creciendo gradualmente, a medida que los embarques comiencen a llegar y se realice la distribuci\u00f3n. &nbsp; Al informar sobre la decisi\u00f3n de reducir de 35% a 0% el arancel al ingreso de estos productos, el Gobierno hab\u00eda anunciado que&#8230;<\/p>\n","protected":false},"author":3,"featured_media":9274,"comment_status":"closed","ping_status":"closed","sticky":false,"template":"","format":"standard","meta":[],"categories":[2],"tags":[],"_links":{"self":[{"href":"https:\/\/www.actualidadadiario.com\/index.php\/wp-json\/wp\/v2\/posts\/9273"}],"collection":[{"href":"https:\/\/www.actualidadadiario.com\/index.php\/wp-json\/wp\/v2\/posts"}],"about":[{"href":"https:\/\/www.actualidadadiario.com\/index.php\/wp-json\/wp\/v2\/types\/post"}],"author":[{"embeddable":true,"href":"https:\/\/www.actualidadadiario.com\/index.php\/wp-json\/wp\/v2\/users\/3"}],"replies":[{"embeddable":true,"href":"https:\/\/www.actualidadadiario.com\/index.php\/wp-json\/wp\/v2\/comments?post=9273"}],"version-history":[{"count":1,"href":"https:\/\/www.actualidadadiario.com\/index.php\/wp-json\/wp\/v2\/posts\/9273\/revisions"}],"predecessor-version":[{"id":9275,"href":"https:\/\/www.actualidadadiario.com\/index.php\/wp-json\/wp\/v2\/posts\/9273\/revisions\/9275"}],"wp:featuredmedia":[{"embeddable":true,"href":"https:\/\/www.actualidadadiario.com\/index.php\/wp-json\/wp\/v2\/media\/9274"}],"wp:attachment":[{"href":"https:\/\/www.actualidadadiario.com\/index.php\/wp-json\/wp\/v2\/media?parent=9273"}],"wp:term":[{"taxonomy":"category","embeddable":true,"href":"https:\/\/www.actualidadadiario.com\/index.php\/wp-json\/wp\/v2\/categories?post=9273"},{"taxonomy":"post_tag","embeddable":true,"href":"https:\/\/www.actualidadadiario.com\/index.php\/wp-json\/wp\/v2\/tags?post=9273"}],"curies":[{"name":"wp","href":"https:\/\/api.w.org\/{rel}","templated":true}]}}