{"id":9270,"date":"2017-03-30T10:18:09","date_gmt":"2017-03-30T13:18:09","guid":{"rendered":"http:\/\/actualidadadiario.com\/site\/?p=9270"},"modified":"2017-03-30T10:18:09","modified_gmt":"2017-03-30T13:18:09","slug":"cordoba-otorgara-subsidios-a-mas-de-200-trabajadores-suspendidos-por-sancor","status":"publish","type":"post","link":"https:\/\/www.actualidadadiario.com\/index.php\/2017\/03\/30\/cordoba-otorgara-subsidios-a-mas-de-200-trabajadores-suspendidos-por-sancor\/","title":{"rendered":"C\u00f3rdoba otorgar\u00e1 subsidios a m\u00e1s de 200 trabajadores suspendidos por SanCor"},"content":{"rendered":"<p><em><strong>El gobierno provincial estima un gasto de $ 1,5 millones mensuales para sostener los ingresos de operarios de las dos plantas que la cooperativa cerr\u00f3 en Brinkmann y Moldes<\/strong><\/em><\/p>\n<p>&nbsp;<\/p>\n<p>&nbsp;<\/p>\n<p>&nbsp;<\/p>\n<p>Cerca de 200 trabajadores afectados por el cese de actividades en las plantas de SanCor, en la provincia de C\u00f3rdoba, ser\u00e1n beneficiados durante 12 meses por un subsidio. El mismo ser\u00e1 equivalente a un salario m\u00ednimo, vital y m\u00f3vil, actualmente estimado en $ 8060, por lo que el costo fiscal se estima en cerca de $ 1,5 mill\u00f3n mensuales, o $ 18 millones anuales.<\/p>\n<p>&nbsp;<\/p>\n<p>As\u00ed lo inform\u00f3 el gobierno de aquella provincia, cuya gesti\u00f3n encabeza el justicialista Juan Schiaretti. Lo hizo a trav\u00e9s del ministro de Industria, Comercio y Miner\u00eda Roberto Avalle, quien destac\u00f3 que la ayuda econ\u00f3mica beneficiar\u00e1 a los trabajadores que sufran despidos o suspensiones, a ra\u00edz de la coyuntura que atraviesa la cooperativa l\u00e1ctea.<\/p>\n<p>&nbsp;<\/p>\n<p>Para los despedidos, lo cobrar\u00e1n a\u00fan en el caso de que consigan un nuevo empleo; los suspendidos, lo percibir\u00e1n en los per\u00edodos en que est\u00e9n en esa situaci\u00f3n. &#8220;El Estado provincial se hace presente en una situaci\u00f3n de emergencia, en localidades muy peque\u00f1as, en donde las posibilidades de acceder a nuevos puestos de trabajo pueden ser m\u00e1s dif\u00edciles. Mientras tanto iremos explorando otras posibilidades en relaci\u00f3n a la mano de obra desempleada&#8221;, destac\u00f3 Avalle.<\/p>\n<p>&nbsp;<\/p>\n<p>El beneficio aplica espec\u00edficamente para la situaci\u00f3n que se vive en las plantas de Brinkmann, al noreste provincial, y Coronel Moldes, en el departamento de R\u00edo Cuarto. Seg\u00fan puntualiz\u00f3 el portal La Voz, en la primera planta hay m\u00e1s de 180 personas afectadas, mientras que en Moldes, unos 55 trabajadores.<\/p>\n<p>&nbsp;<\/p>\n<p>A principios de esta semana, la propia SanCor reconoci\u00f3 a trav\u00e9s de un comunicado a la Comisi\u00f3n Nacional de Valores (CNV) que suspendi\u00f3 la actividad de su planta de Moldes, en la provincia de C\u00f3rdoba, el 6 de marzo, as\u00ed como tambi\u00e9n en Centeno, Santa Fe y Charlone, en Buenos Aires. En ese escrito, no hizo menci\u00f3n a la situaci\u00f3n en la planta de Brinkmann, aunque s\u00ed afirm\u00f3 que &#8220;no se ha cesanteado a ning\u00fan trabajador sino que se otorgaron licencias, en virtud de las referidas suspensiones de actividad en las citadas plantas&#8221;.<\/p>\n<p>&nbsp;<\/p>\n<p>La decisi\u00f3n del gobierno provincial se da en un marco de incertidumbre en torno a la cooperativa, en crisis por las deudas financieras que atraviesa desde hace varios a\u00f1os (por ejemplo, en el \u00faltimo ejercicio cerr\u00f3 con un d\u00e9ficit de $ 2421 millones, contra\u00eddo principalmente por la ca\u00edda de las exportaciones hacia Venezuela). En las \u00faltimas semanas de negociaciones, se difundi\u00f3 que la empresa habr\u00eda consensuado con el Gobierno nacional un plan de reestructuraci\u00f3n que contempla el despido de m\u00e1s de 1000 trabajadores, aunque no fue confirmado oficialmente. Tambi\u00e9n, se supo que la compa\u00f1\u00eda estar\u00eda buscando alg\u00fan cr\u00e9dito o financiamiento con alg\u00fan organismo internacional para reestructurar la deuda, y la posibilidad de desprenderse de activos.<\/p>\n<p>&nbsp;<\/p>\n<p>El funcionario subray\u00f3 que est\u00e1n a la espera de conocer el plan de reestructuraci\u00f3n. &#8220;Lamentablemente sacrificios seguro va a haber que hacer, es inevitable; pero el norte fundamental es el mantenimiento y la vigencia plena de la cooperativa, por la importancia regional que tiene tanto para C\u00f3rdoba como para Santa Fe&#8221;, describi\u00f3 el funcionario, quien agreg\u00f3 que corresponde al gobierno nacional gestionar un auxilio financiero para &#8220;salvar&#8221; a la empresa: &#8220;La envergadura de lo que necesita excede largamente la posibilidad de lo que puede aportar el Estado cordob\u00e9s desde el punto de vista financiero. No son los gobiernos provinciales sino el nacional, el que tiene la capacidad financiera suficiente para asistirlos&#8221;, sostuvo.<\/p>\n<p>&nbsp;<\/p>\n<p>Por el momento, el aporte no contempla lo que pueda llegar a suceder con los empleados en otras plantas que funcionan en la provincia.<\/p>\n","protected":false},"excerpt":{"rendered":"<p>El gobierno provincial estima un gasto de $ 1,5 millones mensuales para sostener los ingresos de operarios de las dos plantas que la cooperativa cerr\u00f3 en Brinkmann y Moldes &nbsp; &nbsp; &nbsp; Cerca de 200 trabajadores afectados por el cese de actividades en las plantas de SanCor, en la provincia de C\u00f3rdoba, ser\u00e1n beneficiados durante 12 meses por un subsidio. El mismo ser\u00e1 equivalente a un salario m\u00ednimo, vital y m\u00f3vil, actualmente estimado en $ 8060, por lo que el costo fiscal se estima en cerca de $ 1,5 mill\u00f3n&#8230;<\/p>\n","protected":false},"author":3,"featured_media":9271,"comment_status":"closed","ping_status":"closed","sticky":false,"template":"","format":"standard","meta":[],"categories":[2],"tags":[],"_links":{"self":[{"href":"https:\/\/www.actualidadadiario.com\/index.php\/wp-json\/wp\/v2\/posts\/9270"}],"collection":[{"href":"https:\/\/www.actualidadadiario.com\/index.php\/wp-json\/wp\/v2\/posts"}],"about":[{"href":"https:\/\/www.actualidadadiario.com\/index.php\/wp-json\/wp\/v2\/types\/post"}],"author":[{"embeddable":true,"href":"https:\/\/www.actualidadadiario.com\/index.php\/wp-json\/wp\/v2\/users\/3"}],"replies":[{"embeddable":true,"href":"https:\/\/www.actualidadadiario.com\/index.php\/wp-json\/wp\/v2\/comments?post=9270"}],"version-history":[{"count":1,"href":"https:\/\/www.actualidadadiario.com\/index.php\/wp-json\/wp\/v2\/posts\/9270\/revisions"}],"predecessor-version":[{"id":9272,"href":"https:\/\/www.actualidadadiario.com\/index.php\/wp-json\/wp\/v2\/posts\/9270\/revisions\/9272"}],"wp:featuredmedia":[{"embeddable":true,"href":"https:\/\/www.actualidadadiario.com\/index.php\/wp-json\/wp\/v2\/media\/9271"}],"wp:attachment":[{"href":"https:\/\/www.actualidadadiario.com\/index.php\/wp-json\/wp\/v2\/media?parent=9270"}],"wp:term":[{"taxonomy":"category","embeddable":true,"href":"https:\/\/www.actualidadadiario.com\/index.php\/wp-json\/wp\/v2\/categories?post=9270"},{"taxonomy":"post_tag","embeddable":true,"href":"https:\/\/www.actualidadadiario.com\/index.php\/wp-json\/wp\/v2\/tags?post=9270"}],"curies":[{"name":"wp","href":"https:\/\/api.w.org\/{rel}","templated":true}]}}