{"id":9267,"date":"2017-03-30T10:17:03","date_gmt":"2017-03-30T13:17:03","guid":{"rendered":"http:\/\/actualidadadiario.com\/site\/?p=9267"},"modified":"2017-03-30T10:17:03","modified_gmt":"2017-03-30T13:17:03","slug":"cerro-la-fabrica-de-quesos-magnasco-en-santa-fe","status":"publish","type":"post","link":"https:\/\/www.actualidadadiario.com\/index.php\/2017\/03\/30\/cerro-la-fabrica-de-quesos-magnasco-en-santa-fe\/","title":{"rendered":"Cerr\u00f3 la f\u00e1brica de quesos Magnasco en Santa Fe"},"content":{"rendered":"<p><em><strong>Por la crisis en el sector lechero, la empresa en santafesina dej\u00f3 en la calle a sus 26 operarios<\/strong><\/em><\/p>\n<p>&nbsp;<\/p>\n<p>&nbsp;<\/p>\n<p>&nbsp;<\/p>\n<p>&nbsp;<\/p>\n<p>Se fundi\u00f3 la f\u00e1brica santafesina de quesos Magnasco. Los directivos de la compa\u00f1\u00eda enviaron telegramas de despidos a sus 26 operarios para informarles que desde el lunes quedaron sin su fuente laboral. La planta est\u00e1 ubicada en el distrito Santa Isabel.<\/p>\n<p>&nbsp;<\/p>\n<p>La crisis del sector lechero, sumada a la falta de apoyo gubernamental hizo que en los \u00faltimos meses cerraran varias plantas. La f\u00e1brica de quesos Chateubriand en Carmen, la empresa l\u00e1ctea La Seren\u00edsima en la ciudad de Rufino y ahora Magnasco.<\/p>\n<p>&nbsp;<\/p>\n<p>Esta f\u00e1brica elaboraba derivados de l\u00e1cteos, aunque b\u00e1sicamente quesos. El diario La Capital describi\u00f3 a su cierre como \u201cun golpe letal a las econom\u00edas de (las localidades de) Santa Isabel y Mar\u00eda Teresa\u201d.<\/p>\n<p>&nbsp;<\/p>\n<p>La intendenta de Mar\u00eda Teresa, Mar\u00eda Cristina G\u00f3mez, se lament\u00f3 de la situaci\u00f3n y sostuvo que es \u201cmuy triste lo que est\u00e1 sucediendo\u201d. \u201cEsta gente no se podr\u00e1 reinsertar f\u00e1cilmente al mercado laboral con el consabido deterioro en el tejido social de cualquier comunidad chica\u201d, explic\u00f3. Agreg\u00f3 que \u201cesta situaci\u00f3n compleja porque lo que vemos es que el pa\u00eds se est\u00e1 cayendo a pedazos como consecuencia de las pol\u00edticas nacionales. Esta f\u00e1brica no es la excepci\u00f3n\u201d.<\/p>\n<p>&nbsp;<\/p>\n<p>Santa Isabel y Mar\u00eda Teresa poseen alrededor de 4.500 habitantes cada una y viven casi pura y exclusivamente de la actividad del campo, advirti\u00f3 el matutino rosarino, ya sea por los tambos como por la producci\u00f3n de cereales.<\/p>\n","protected":false},"excerpt":{"rendered":"<p>Por la crisis en el sector lechero, la empresa en santafesina dej\u00f3 en la calle a sus 26 operarios &nbsp; &nbsp; &nbsp; &nbsp; Se fundi\u00f3 la f\u00e1brica santafesina de quesos Magnasco. Los directivos de la compa\u00f1\u00eda enviaron telegramas de despidos a sus 26 operarios para informarles que desde el lunes quedaron sin su fuente laboral. La planta est\u00e1 ubicada en el distrito Santa Isabel. &nbsp; La crisis del sector lechero, sumada a la falta de apoyo gubernamental hizo que en los \u00faltimos meses cerraran varias plantas. La f\u00e1brica de quesos&#8230;<\/p>\n","protected":false},"author":3,"featured_media":9268,"comment_status":"closed","ping_status":"closed","sticky":false,"template":"","format":"standard","meta":[],"categories":[2],"tags":[],"_links":{"self":[{"href":"https:\/\/www.actualidadadiario.com\/index.php\/wp-json\/wp\/v2\/posts\/9267"}],"collection":[{"href":"https:\/\/www.actualidadadiario.com\/index.php\/wp-json\/wp\/v2\/posts"}],"about":[{"href":"https:\/\/www.actualidadadiario.com\/index.php\/wp-json\/wp\/v2\/types\/post"}],"author":[{"embeddable":true,"href":"https:\/\/www.actualidadadiario.com\/index.php\/wp-json\/wp\/v2\/users\/3"}],"replies":[{"embeddable":true,"href":"https:\/\/www.actualidadadiario.com\/index.php\/wp-json\/wp\/v2\/comments?post=9267"}],"version-history":[{"count":1,"href":"https:\/\/www.actualidadadiario.com\/index.php\/wp-json\/wp\/v2\/posts\/9267\/revisions"}],"predecessor-version":[{"id":9269,"href":"https:\/\/www.actualidadadiario.com\/index.php\/wp-json\/wp\/v2\/posts\/9267\/revisions\/9269"}],"wp:featuredmedia":[{"embeddable":true,"href":"https:\/\/www.actualidadadiario.com\/index.php\/wp-json\/wp\/v2\/media\/9268"}],"wp:attachment":[{"href":"https:\/\/www.actualidadadiario.com\/index.php\/wp-json\/wp\/v2\/media?parent=9267"}],"wp:term":[{"taxonomy":"category","embeddable":true,"href":"https:\/\/www.actualidadadiario.com\/index.php\/wp-json\/wp\/v2\/categories?post=9267"},{"taxonomy":"post_tag","embeddable":true,"href":"https:\/\/www.actualidadadiario.com\/index.php\/wp-json\/wp\/v2\/tags?post=9267"}],"curies":[{"name":"wp","href":"https:\/\/api.w.org\/{rel}","templated":true}]}}