{"id":9261,"date":"2017-03-30T10:15:37","date_gmt":"2017-03-30T13:15:37","guid":{"rendered":"http:\/\/actualidadadiario.com\/site\/?p=9261"},"modified":"2017-03-30T10:15:37","modified_gmt":"2017-03-30T13:15:37","slug":"pobreza-schiaretti-aclara-pero-oscurece","status":"publish","type":"post","link":"https:\/\/www.actualidadadiario.com\/index.php\/2017\/03\/30\/pobreza-schiaretti-aclara-pero-oscurece\/","title":{"rendered":"Pobreza: Schiaretti aclara, pero oscurece"},"content":{"rendered":"<p><em><strong>Con el mandatario Juan Schiaretti en Brasil en plan de descanso, el Gobierno cordob\u00e9s intent\u00f3 defender ayer su pol\u00edtica social frente a la dram\u00e1tica radiograf\u00eda arrojada por el Instituto Nacional de Estad\u00edstica y Censos (INDEC), que relev\u00f3 que el Gran C\u00f3rdoba concentra la mayor tasa de indigencia y la tercera mayor tasa de pobreza del pa\u00eds<\/strong><\/em><\/p>\n<p>&nbsp;<\/p>\n<p>&nbsp;<\/p>\n<p>&nbsp;<\/p>\n<p>&nbsp;<\/p>\n<p>Los fr\u00edos n\u00fameros marcaron -para el segundo semestre de 2016- en la capital provincial y su conurbano un 40,5% en materia de pobreza y un 10,8% de indigencia, en una provincia cuyo poder hegemoniza Uni\u00f3n por C\u00f3rdoba (UPC) desde 1999, con gestiones alternadas entre los peronistas Schiaretti y el cr\u00edtico Jos\u00e9 Manuel de la Sota.<\/p>\n<p>&nbsp;<\/p>\n<p>&#8220;Con 6 mil millones anuales en el presupuesto, somos la provincia que mayor ayuda brinda en el pa\u00eds&#8221;, argument\u00f3 ayer el ministro de Desarrollo Social provincial, Sergio Tocalli, aunque reconoci\u00f3 que los indicadores &#8220;no sorprendieron&#8221; a la gesti\u00f3n de UPC porque &#8220;todos los d\u00edas trabajan para dar respuestas paliativas a la situaci\u00f3n social&#8221;.<\/p>\n<p>&nbsp;<\/p>\n<p>Pero, en una estrategia no exenta de pol\u00e9mica, el funcionario se apresur\u00f3 a deslindar responsabilidades locales y apunt\u00f3 al impacto de &#8220;la macroeconom\u00eda&#8221;. &#8220;Son temas que est\u00e1n vinculados con la macroeconom\u00eda y nosotros actuamos conteniendo y ayudando&#8221;, dijo. &#8220;Mientras no haya crecimiento de la econom\u00eda, o controles inflacionarios, o la macroeconom\u00eda no nos ayude, la pobreza va a seguir&#8221;, sostuvo.<\/p>\n<p>&nbsp;<\/p>\n<p>La argumentaci\u00f3n defensiva adopt\u00f3 adem\u00e1s otro eje. &#8220;Como en C\u00f3rdoba hay menor nivel de empleo p\u00fablico, las crisis tienen un impacto mayor&#8221;, subray\u00f3 Tocalli.<\/p>\n<p>&nbsp;<\/p>\n<p>Ayer, la ministra de Desarrollo Social nacional, Carolina Stanley, recogi\u00f3 el guante ante la sorpresa que gener\u00f3 el preocupante presente del Gran C\u00f3rdoba, de 1,5 mill\u00f3n de personas. &#8220;Hist\u00f3ricamente las 10 provincias del norte son las que m\u00e1s han sufrido la pobreza y la indigencia; hoy los centros urbanos tienen un peso importante y hace que provincias como C\u00f3rdoba tengan \u00edndices de pobreza muy alto&#8221;, dijo, y remarc\u00f3 que &#8220;es producto de muchos a\u00f1os de negaci\u00f3n y exclusi\u00f3n&#8221;.<\/p>\n","protected":false},"excerpt":{"rendered":"<p>Con el mandatario Juan Schiaretti en Brasil en plan de descanso, el Gobierno cordob\u00e9s intent\u00f3 defender ayer su pol\u00edtica social frente a la dram\u00e1tica radiograf\u00eda arrojada por el Instituto Nacional de Estad\u00edstica y Censos (INDEC), que relev\u00f3 que el Gran C\u00f3rdoba concentra la mayor tasa de indigencia y la tercera mayor tasa de pobreza del pa\u00eds &nbsp; &nbsp; &nbsp; &nbsp; Los fr\u00edos n\u00fameros marcaron -para el segundo semestre de 2016- en la capital provincial y su conurbano un 40,5% en materia de pobreza y un 10,8% de indigencia, en una&#8230;<\/p>\n","protected":false},"author":3,"featured_media":9262,"comment_status":"closed","ping_status":"closed","sticky":false,"template":"","format":"standard","meta":[],"categories":[2],"tags":[],"_links":{"self":[{"href":"https:\/\/www.actualidadadiario.com\/index.php\/wp-json\/wp\/v2\/posts\/9261"}],"collection":[{"href":"https:\/\/www.actualidadadiario.com\/index.php\/wp-json\/wp\/v2\/posts"}],"about":[{"href":"https:\/\/www.actualidadadiario.com\/index.php\/wp-json\/wp\/v2\/types\/post"}],"author":[{"embeddable":true,"href":"https:\/\/www.actualidadadiario.com\/index.php\/wp-json\/wp\/v2\/users\/3"}],"replies":[{"embeddable":true,"href":"https:\/\/www.actualidadadiario.com\/index.php\/wp-json\/wp\/v2\/comments?post=9261"}],"version-history":[{"count":1,"href":"https:\/\/www.actualidadadiario.com\/index.php\/wp-json\/wp\/v2\/posts\/9261\/revisions"}],"predecessor-version":[{"id":9263,"href":"https:\/\/www.actualidadadiario.com\/index.php\/wp-json\/wp\/v2\/posts\/9261\/revisions\/9263"}],"wp:featuredmedia":[{"embeddable":true,"href":"https:\/\/www.actualidadadiario.com\/index.php\/wp-json\/wp\/v2\/media\/9262"}],"wp:attachment":[{"href":"https:\/\/www.actualidadadiario.com\/index.php\/wp-json\/wp\/v2\/media?parent=9261"}],"wp:term":[{"taxonomy":"category","embeddable":true,"href":"https:\/\/www.actualidadadiario.com\/index.php\/wp-json\/wp\/v2\/categories?post=9261"},{"taxonomy":"post_tag","embeddable":true,"href":"https:\/\/www.actualidadadiario.com\/index.php\/wp-json\/wp\/v2\/tags?post=9261"}],"curies":[{"name":"wp","href":"https:\/\/api.w.org\/{rel}","templated":true}]}}