{"id":9255,"date":"2017-03-30T10:13:19","date_gmt":"2017-03-30T13:13:19","guid":{"rendered":"http:\/\/actualidadadiario.com\/site\/?p=9255"},"modified":"2017-03-30T10:13:19","modified_gmt":"2017-03-30T13:13:19","slug":"investigan-si-la-avioneta-hallada-en-corrientes-es-la-sustraida-en-victoria","status":"publish","type":"post","link":"https:\/\/www.actualidadadiario.com\/index.php\/2017\/03\/30\/investigan-si-la-avioneta-hallada-en-corrientes-es-la-sustraida-en-victoria\/","title":{"rendered":"Investigan si la avioneta hallada en Corrientes es la sustra\u00edda en Victoria"},"content":{"rendered":"<p><em><strong>La polic\u00eda investiga si en efecto la aeronave encontrada en una zona de dif\u00edcil acceso es la misma que en febrero \u00faltimo cuatro hombres armados se llevaron del aeroclub de Victoria, tras reducir al sereno y a dos pilotos<\/strong><\/em><\/p>\n<p>&nbsp;<\/p>\n<p>&nbsp;<\/p>\n<p>&nbsp;<\/p>\n<p>&nbsp;<\/p>\n<p>En la zona de los Esteros del Iber\u00e1, se hall\u00f3 una avioneta siniestrada. Investigan si es el Cessna que fue robado en febrero en el aeroclub de Victoria. El 21 de febrero cuatro hombres armados, que hab\u00edan contratado los servicios de un piloto y un avi\u00f3n Cessna para una despedida de solteros, robaron la aeronave del aeroclub de esa ciudad tras reducir al sereno y a dos pilotos.<\/p>\n<p>&nbsp;<\/p>\n<p>El fiscal Eduardo Guaita dijo que en la zona de los Esteros del Iber\u00e1, Corrientes, se hall\u00f3 una avioneta siniestrada. Se especula que podr\u00eda llegar a ser el avi\u00f3n buscado.<\/p>\n<p>&nbsp;<\/p>\n<p>Guaita resalt\u00f3 que no puede anticipar mayores conclusiones, ya que se debe esperar a que las fuerzas de seguridad lleguen a la zona, se identifique la aeronave y determinar qu\u00e9 hace en ese lugar, que es de dif\u00edcil acceso.<\/p>\n","protected":false},"excerpt":{"rendered":"<p>La polic\u00eda investiga si en efecto la aeronave encontrada en una zona de dif\u00edcil acceso es la misma que en febrero \u00faltimo cuatro hombres armados se llevaron del aeroclub de Victoria, tras reducir al sereno y a dos pilotos &nbsp; &nbsp; &nbsp; &nbsp; En la zona de los Esteros del Iber\u00e1, se hall\u00f3 una avioneta siniestrada. Investigan si es el Cessna que fue robado en febrero en el aeroclub de Victoria. El 21 de febrero cuatro hombres armados, que hab\u00edan contratado los servicios de un piloto y un avi\u00f3n Cessna&#8230;<\/p>\n","protected":false},"author":3,"featured_media":9256,"comment_status":"closed","ping_status":"closed","sticky":false,"template":"","format":"standard","meta":[],"categories":[15],"tags":[],"_links":{"self":[{"href":"https:\/\/www.actualidadadiario.com\/index.php\/wp-json\/wp\/v2\/posts\/9255"}],"collection":[{"href":"https:\/\/www.actualidadadiario.com\/index.php\/wp-json\/wp\/v2\/posts"}],"about":[{"href":"https:\/\/www.actualidadadiario.com\/index.php\/wp-json\/wp\/v2\/types\/post"}],"author":[{"embeddable":true,"href":"https:\/\/www.actualidadadiario.com\/index.php\/wp-json\/wp\/v2\/users\/3"}],"replies":[{"embeddable":true,"href":"https:\/\/www.actualidadadiario.com\/index.php\/wp-json\/wp\/v2\/comments?post=9255"}],"version-history":[{"count":1,"href":"https:\/\/www.actualidadadiario.com\/index.php\/wp-json\/wp\/v2\/posts\/9255\/revisions"}],"predecessor-version":[{"id":9257,"href":"https:\/\/www.actualidadadiario.com\/index.php\/wp-json\/wp\/v2\/posts\/9255\/revisions\/9257"}],"wp:featuredmedia":[{"embeddable":true,"href":"https:\/\/www.actualidadadiario.com\/index.php\/wp-json\/wp\/v2\/media\/9256"}],"wp:attachment":[{"href":"https:\/\/www.actualidadadiario.com\/index.php\/wp-json\/wp\/v2\/media?parent=9255"}],"wp:term":[{"taxonomy":"category","embeddable":true,"href":"https:\/\/www.actualidadadiario.com\/index.php\/wp-json\/wp\/v2\/categories?post=9255"},{"taxonomy":"post_tag","embeddable":true,"href":"https:\/\/www.actualidadadiario.com\/index.php\/wp-json\/wp\/v2\/tags?post=9255"}],"curies":[{"name":"wp","href":"https:\/\/api.w.org\/{rel}","templated":true}]}}