{"id":9252,"date":"2017-03-30T10:12:23","date_gmt":"2017-03-30T13:12:23","guid":{"rendered":"http:\/\/actualidadadiario.com\/site\/?p=9252"},"modified":"2017-03-30T10:12:23","modified_gmt":"2017-03-30T13:12:23","slug":"los-gremios-entrerrianos-preparan-el-paro-de-las-cta-en-la-provincia","status":"publish","type":"post","link":"https:\/\/www.actualidadadiario.com\/index.php\/2017\/03\/30\/los-gremios-entrerrianos-preparan-el-paro-de-las-cta-en-la-provincia\/","title":{"rendered":"Los gremios entrerrianos preparan el paro de las CTA en la provincia"},"content":{"rendered":"<p><em><strong>La huelga nacional dejar\u00e1 aulas vac\u00edas, pero se sentir\u00e1 en menor medida en la administraci\u00f3n p\u00fablica<\/strong><\/em><\/p>\n<p>&nbsp;<\/p>\n<p>&nbsp;<\/p>\n<p>&nbsp;<\/p>\n<p>La movilizaci\u00f3n social volver\u00e1 a ganar la calle con el paro nacional convocado para hoy por la CTA Aut\u00f3noma y la CTA de los Trabajadores, que conducen Pablo Micheli y Hugo Yasky respectivamente. Ser\u00e1 la tercera medida de acci\u00f3n de alcance nacional resuelta por estas organizaciones sindicales, que acordaron por unanimidad un paro activo en un plenario realizado en Avellaneda. Parecer ser un s\u00edntoma de este momento pol\u00edtico-econ\u00f3mico del pa\u00eds, que unific\u00f3 a diversos sectores a trav\u00e9s de marchas, paros y otros m\u00e9todos de protesta en rechazo a las pol\u00edticas neoliberales del gobierno nacional.<\/p>\n<p>&nbsp;<\/p>\n<p>La primera experiencia se dio con el acto te\u00f1ido de violencia de la CGT, despu\u00e9s se sucedi\u00f3 el Paro Internacional de Mujeres con consignas en contra de la violencia machista, y finalmente la masiva Marcha Federal Educativa que reuni\u00f3 a todo el arco docente por la reapertura de la paritaria nacional.<\/p>\n<p>&nbsp;<\/p>\n<p>El secretario general de la CTA Aut\u00f3noma Paran\u00e1, Ricardo S\u00e1nchez, enumer\u00f3 una serie de razones que determinaron la nueva medida de fuerza. &#8220;La apertura de importaciones que hizo desastre en las pymes, que se ha agravado con los tarifazos, el ajuste y la pol\u00edtica de no abrir las paritarias es un combo que el Gobierno ha implementado de la mano de una pol\u00edtica neoliberal&#8221;, dijo a modo de radiograf\u00eda.<\/p>\n<p>&nbsp;<\/p>\n<p>S\u00e1nchez le recrimin\u00f3 a la gesti\u00f3n Macri que pese a que lleva un a\u00f1o y medio de gesti\u00f3n &#8220;no ha podido resolver absolutamente nada&#8221;, salvo los beneficios otorgados al sector agroexportador y a sectores concentrados de la econom\u00eda.<\/p>\n<p>&nbsp;<\/p>\n<p>&#8220;Es un Gobierno que se caracteriza por no escuchar, que no ha llamado a una concertaci\u00f3n social para que haya una pol\u00edtica de inclusi\u00f3n y que se ha cerrado sobre s\u00ed mismo&#8221;, critic\u00f3, al tiempo que habl\u00f3 acerca de la actuaci\u00f3n del ministro de Trabajo, Jorge Triaca, en el conflicto docente. &#8220;Ha sido un mero espectador; es caprichoso no abrir la paritaria docente porque esto genera tensi\u00f3n social. Ni hablar de aquellos que est\u00e1n afuera de la econom\u00eda formal&#8221;, reflexion\u00f3. El sindicalista adem\u00e1s exhort\u00f3 a avanzar en la unidad de las CTA: &#8220;No nos sirve estar separados&#8221;.<\/p>\n<p>&nbsp;<\/p>\n<p>&nbsp;<\/p>\n<p><strong>Adhesi\u00f3n<\/strong><\/p>\n<p>Osvaldo Blanco, secretario de Finanzas de la CTA de los Trabajadores de Entre R\u00edos, explic\u00f3 que los principales ejes de la convocatoria se centran en &#8220;defender los derechos por paritarias libres, con un salario digno, en contra de los tarifazos, los despidos y la precarizaci\u00f3n laboral. Para que se incremente el presupuesto en Salud y en Educaci\u00f3n&#8221;. El gremialista sostuvo que la p\u00e9rdida del poder adquisitivo en 2016 dej\u00f3 el salario de los trabajadores por debajo de la inflaci\u00f3n, agravado porque varias provincias &#8220;pusieron un techo del 18%, en tres cuotas&#8221;, lo que implica que sea &#8220;muy dif\u00edcil que se llegue a acuerdos o que haya posibilidad de di\u00e1logo&#8221;.<\/p>\n<p>&nbsp;<\/p>\n<p>&#8220;Para estar por debajo de la l\u00ednea de la pobreza tendr\u00edamos que estar hablando de un salario superior a los 14.000 pesos. En Entre R\u00edos, tanto para el sector docente como para los estatales, el pedido de aumento ha sido del 35%. Y de parte del Ejecutivo, el ofrecimiento consisti\u00f3 en un 18% en tres cuotas&#8221;, enfatiz\u00f3.<\/p>\n<p>&nbsp;<\/p>\n<p>Blanco anticip\u00f3 que el paro tendr\u00e1 un importante nivel de acatamiento, sobre todo ratificado por el mandato de las bases en cada uno de los sectores. Tambi\u00e9n reconoci\u00f3 que habr\u00e1 posiciones divididas en cuanto a la adhesi\u00f3n dentro del seno de ATE. &#8220;La Verde y Blanca y sus nueve seccionales en la provincia est\u00e1n convocando para el paro y movilizaci\u00f3n de hoy. No ha sido p\u00fablico el pronunciamiento del Consejo Directivo Provincial que conduce Oscar Muntes: ellos estar\u00edan convocando para un paro y movilizaci\u00f3n para el 6 de abril en coincidencia con la CGT.<\/p>\n<p>&nbsp;<\/p>\n<p>La central sindical confirm\u00f3 que desde Paran\u00e1 partir\u00e1n dos colectivos rumbo a la movilizaci\u00f3n que concentrar\u00e1 en la Plaza de Mayo. Tambi\u00e9n se sumar\u00e1n militantes procedentes de Gualeguay y Gualeguaych\u00fa, se consign\u00f3.<\/p>\n<p>&nbsp;<\/p>\n<p>&nbsp;<\/p>\n<p>&nbsp;<\/p>\n<p><strong>Discusi\u00f3n m\u00e1s amplia<\/strong><\/p>\n<p>Desde la CTA Aut\u00f3noma de Entre R\u00edos se aclar\u00f3 que se acompa\u00f1ar\u00e1 la medida en apoyo a los docentes, reivindicando las demandas centrales del movimiento obrero, aunque se tienen que discutir cuestiones de fondo en el plano nacional. Asimismo se indic\u00f3 que se est\u00e1 trabajando en definir las actividades con miras al paro general convocado el 6 de abril por la CGT. &#8220;Estamos en contra del techo salarial, y en favor de que se reabra la paritaria nacional, solicitando pol\u00edticas activas para frenar los despidos por los cierres de las f\u00e1bricas. En definitiva, se rechaza el modelo econ\u00f3mico al que se subordinan las provincias, sobre todo al no reclamar la reapertura de la paritaria nacional docente&#8221;, dijo Esteban Olar\u00e1n, secretario general del sindicato.<\/p>\n<p>&nbsp;<\/p>\n<p>Indic\u00f3 que delegaciones desde diferentes puntos de la provincia se movilizar\u00e1n a Buenos Aires. El dirigente manifest\u00f3 que junto a otros espacios gremiales se mantienen conversaciones para definir la modalidad del paro de la semana pr\u00f3xima. &#8220;No sabemos todav\u00eda si ser\u00e1 con movilizaci\u00f3n, teniendo en cuenta que la UTA anunci\u00f3 que el servicio de transporte p\u00fablico estar\u00e1 paralizado. Ser\u00e1n de suma importancia los plenarios de las bases en los pr\u00f3ximos d\u00edas&#8221;, subray\u00f3.<\/p>\n<p>&nbsp;<\/p>\n<p>&nbsp;<\/p>\n<p><strong>Adhesi\u00f3n del sindicato de los judiciales<\/strong><\/p>\n<p>La Asociaci\u00f3n Judicial de Entre R\u00edos (AJER) anunci\u00f3 que se plegar\u00e1 a la jornada nacional de lucha convocada por la Federaci\u00f3n Nacional Judicial, miembro de base de la CTA. &#8220;Estamos convencidos de que toda acci\u00f3n que exprese el malestar de nuestro pueblo debe ser acompa\u00f1ada por el conjunto de nuestra sociedad&#8221;, expresaron a trav\u00e9s de un comunicado de prensa.<\/p>\n<p>&nbsp;<\/p>\n<p>En la misma l\u00ednea plantearon: &#8220;Este sindicato considera leg\u00edtimos los reclamos de las organizaciones convocantes en defensa de los trabajadores&#8221;.<\/p>\n<p>&nbsp;<\/p>\n<p>En relaci\u00f3n a &#8220;la preocupante situaci\u00f3n que genera el proceso inflacionario en los magros salarios de los trabajadores argentinos&#8221;, el sindicato sostuvo que acompa\u00f1ar\u00e1 todas las medidas de protesta que contemplen los reclamos genuinos de los trabajadores, en funci\u00f3n de hacer valer sus derechos.<\/p>\n","protected":false},"excerpt":{"rendered":"<p>La huelga nacional dejar\u00e1 aulas vac\u00edas, pero se sentir\u00e1 en menor medida en la administraci\u00f3n p\u00fablica &nbsp; &nbsp; &nbsp; La movilizaci\u00f3n social volver\u00e1 a ganar la calle con el paro nacional convocado para hoy por la CTA Aut\u00f3noma y la CTA de los Trabajadores, que conducen Pablo Micheli y Hugo Yasky respectivamente. Ser\u00e1 la tercera medida de acci\u00f3n de alcance nacional resuelta por estas organizaciones sindicales, que acordaron por unanimidad un paro activo en un plenario realizado en Avellaneda. Parecer ser un s\u00edntoma de este momento pol\u00edtico-econ\u00f3mico del pa\u00eds, que&#8230;<\/p>\n","protected":false},"author":3,"featured_media":9253,"comment_status":"closed","ping_status":"closed","sticky":false,"template":"","format":"standard","meta":[],"categories":[15],"tags":[],"_links":{"self":[{"href":"https:\/\/www.actualidadadiario.com\/index.php\/wp-json\/wp\/v2\/posts\/9252"}],"collection":[{"href":"https:\/\/www.actualidadadiario.com\/index.php\/wp-json\/wp\/v2\/posts"}],"about":[{"href":"https:\/\/www.actualidadadiario.com\/index.php\/wp-json\/wp\/v2\/types\/post"}],"author":[{"embeddable":true,"href":"https:\/\/www.actualidadadiario.com\/index.php\/wp-json\/wp\/v2\/users\/3"}],"replies":[{"embeddable":true,"href":"https:\/\/www.actualidadadiario.com\/index.php\/wp-json\/wp\/v2\/comments?post=9252"}],"version-history":[{"count":1,"href":"https:\/\/www.actualidadadiario.com\/index.php\/wp-json\/wp\/v2\/posts\/9252\/revisions"}],"predecessor-version":[{"id":9254,"href":"https:\/\/www.actualidadadiario.com\/index.php\/wp-json\/wp\/v2\/posts\/9252\/revisions\/9254"}],"wp:featuredmedia":[{"embeddable":true,"href":"https:\/\/www.actualidadadiario.com\/index.php\/wp-json\/wp\/v2\/media\/9253"}],"wp:attachment":[{"href":"https:\/\/www.actualidadadiario.com\/index.php\/wp-json\/wp\/v2\/media?parent=9252"}],"wp:term":[{"taxonomy":"category","embeddable":true,"href":"https:\/\/www.actualidadadiario.com\/index.php\/wp-json\/wp\/v2\/categories?post=9252"},{"taxonomy":"post_tag","embeddable":true,"href":"https:\/\/www.actualidadadiario.com\/index.php\/wp-json\/wp\/v2\/tags?post=9252"}],"curies":[{"name":"wp","href":"https:\/\/api.w.org\/{rel}","templated":true}]}}