{"id":9249,"date":"2017-03-30T10:11:23","date_gmt":"2017-03-30T13:11:23","guid":{"rendered":"http:\/\/actualidadadiario.com\/site\/?p=9249"},"modified":"2017-03-30T10:11:23","modified_gmt":"2017-03-30T13:11:23","slug":"encontraron-a-un-nene-de-7-anos-solo-en-medio-de-la-autovia-14","status":"publish","type":"post","link":"https:\/\/www.actualidadadiario.com\/index.php\/2017\/03\/30\/encontraron-a-un-nene-de-7-anos-solo-en-medio-de-la-autovia-14\/","title":{"rendered":"Encontraron a un nene de 7 a\u00f1os solo en medio de la autov\u00eda 14"},"content":{"rendered":"<p><strong><em>Fue cerca de Gualeguaych\u00fa. Los playeros de una estaci\u00f3n de servicios lo mantuvieron a resguardo hasta que lleg\u00f3 la Polic\u00eda. El chico est\u00e1 ahora a cargo del Copnaf<\/em><\/strong><\/p>\n<p>&nbsp;<\/p>\n<p>&nbsp;<\/p>\n<p>&nbsp;<\/p>\n<p>Un\u00a0 llamado telef\u00f3nico alert\u00f3 sobre la presencia de un ni\u00f1o de 7 a\u00f1os, que se encontraba solo en la autov\u00eda 14 cerca de las 2 de la madrugada. Los playeros de una estaci\u00f3n de servicio lo mantuvieron a resguardo hasta que lleg\u00f3 la Polic\u00eda. El chico est\u00e1 ahora a cargo del Copnaf.<\/p>\n<p>&nbsp;<\/p>\n<p>El hecho ocurri\u00f3 a la altura del kil\u00f3metro 52 de la Autov\u00eda General Artigas. Los trabajadores de la estaci\u00f3n de servicios lo vieron y, tras dar aviso, se hizo presente en el lugar el personal de la Comisaria S\u00e9ptima de Gualeguaych\u00fa y de Minoridad.<\/p>\n<p>&nbsp;<\/p>\n<p>En ni\u00f1o es de Gualeguaych\u00fa y, luego de constatar su integridad f\u00edsica, se hizo el Consejo Provincial del Ni\u00f1o, del Adolescente y la Familia (Copnaf).<\/p>\n<p>&nbsp;<\/p>\n<p>&#8220;El menor no fue entregado a sus responsables legales ya que permanece bajo la guarda de esta instituci\u00f3n (por el Copnaf)&#8221;, explic\u00f3 Carlos P\u00e9rez, jefe de la Polic\u00eda.<\/p>\n<p>&nbsp;<\/p>\n<p>Adem\u00e1s, consultado por la posibilidad de que el ni\u00f1o haya sido abandonado en el lugar por alguna personas mayor, P\u00e9rez dijo que &#8220;no se descarta&#8221;, ya que &#8220;es dif\u00edcil que haya llegado hasta ah\u00ed por sus propios medios&#8221;.<\/p>\n","protected":false},"excerpt":{"rendered":"<p>Fue cerca de Gualeguaych\u00fa. Los playeros de una estaci\u00f3n de servicios lo mantuvieron a resguardo hasta que lleg\u00f3 la Polic\u00eda. El chico est\u00e1 ahora a cargo del Copnaf &nbsp; &nbsp; &nbsp; Un\u00a0 llamado telef\u00f3nico alert\u00f3 sobre la presencia de un ni\u00f1o de 7 a\u00f1os, que se encontraba solo en la autov\u00eda 14 cerca de las 2 de la madrugada. Los playeros de una estaci\u00f3n de servicio lo mantuvieron a resguardo hasta que lleg\u00f3 la Polic\u00eda. El chico est\u00e1 ahora a cargo del Copnaf. &nbsp; El hecho ocurri\u00f3 a la altura&#8230;<\/p>\n","protected":false},"author":3,"featured_media":9250,"comment_status":"closed","ping_status":"closed","sticky":false,"template":"","format":"standard","meta":[],"categories":[15],"tags":[],"_links":{"self":[{"href":"https:\/\/www.actualidadadiario.com\/index.php\/wp-json\/wp\/v2\/posts\/9249"}],"collection":[{"href":"https:\/\/www.actualidadadiario.com\/index.php\/wp-json\/wp\/v2\/posts"}],"about":[{"href":"https:\/\/www.actualidadadiario.com\/index.php\/wp-json\/wp\/v2\/types\/post"}],"author":[{"embeddable":true,"href":"https:\/\/www.actualidadadiario.com\/index.php\/wp-json\/wp\/v2\/users\/3"}],"replies":[{"embeddable":true,"href":"https:\/\/www.actualidadadiario.com\/index.php\/wp-json\/wp\/v2\/comments?post=9249"}],"version-history":[{"count":1,"href":"https:\/\/www.actualidadadiario.com\/index.php\/wp-json\/wp\/v2\/posts\/9249\/revisions"}],"predecessor-version":[{"id":9251,"href":"https:\/\/www.actualidadadiario.com\/index.php\/wp-json\/wp\/v2\/posts\/9249\/revisions\/9251"}],"wp:featuredmedia":[{"embeddable":true,"href":"https:\/\/www.actualidadadiario.com\/index.php\/wp-json\/wp\/v2\/media\/9250"}],"wp:attachment":[{"href":"https:\/\/www.actualidadadiario.com\/index.php\/wp-json\/wp\/v2\/media?parent=9249"}],"wp:term":[{"taxonomy":"category","embeddable":true,"href":"https:\/\/www.actualidadadiario.com\/index.php\/wp-json\/wp\/v2\/categories?post=9249"},{"taxonomy":"post_tag","embeddable":true,"href":"https:\/\/www.actualidadadiario.com\/index.php\/wp-json\/wp\/v2\/tags?post=9249"}],"curies":[{"name":"wp","href":"https:\/\/api.w.org\/{rel}","templated":true}]}}