{"id":9246,"date":"2017-03-30T10:10:35","date_gmt":"2017-03-30T13:10:35","guid":{"rendered":"http:\/\/actualidadadiario.com\/site\/?p=9246"},"modified":"2017-03-30T10:10:35","modified_gmt":"2017-03-30T13:10:35","slug":"la-provincia-y-el-municipio-de-concordia-profundizan-el-trabajo-articulado","status":"publish","type":"post","link":"https:\/\/www.actualidadadiario.com\/index.php\/2017\/03\/30\/la-provincia-y-el-municipio-de-concordia-profundizan-el-trabajo-articulado\/","title":{"rendered":"La provincia y el municipio de Concordia profundizan el trabajo articulado"},"content":{"rendered":"<p><em><strong>Con el objetivo de realizar una evaluaci\u00f3n de los programas sociales, y del acompa\u00f1amiento a emprendedores y cooperativas de Concordia, la ministra de Desarrollo Social, Laura Stratta, se reuni\u00f3 este mi\u00e9rcoles en su despacho con el intendente de esa ciudad, Enrique Cresto. Tambi\u00e9n se planificaron acciones conjuntas para atender la demanda social del territorio<\/strong><\/em><\/p>\n<p>&nbsp;<\/p>\n<p>&nbsp;<\/p>\n<p>&nbsp;<\/p>\n<p>Al finalizar el encuentro, el presidente municipal asegur\u00f3 que \u201ceste es un trabajo que venimos realizando desde el primer d\u00eda en la gesti\u00f3n, el de poder articular el gobierno provincial con el municipal. En contextos econ\u00f3micos como el actual Concordia es una ciudad que sufre y necesitamos estar con el Estado cubriendo esas necesidades\u201d.<\/p>\n<p>&nbsp;<\/p>\n<p>Por su parte Stratta indic\u00f3 que \u201cestamos llevando adelante estrategias para mitigar las situaciones de vulnerabilidad que nos lastiman, pero que nos motivan a seguir trabajando para generar contenci\u00f3n y acompa\u00f1ar a los vecinos que nos necesitan\u201d.<\/p>\n<p>&nbsp;<\/p>\n<p>\u201cEstamos trabajando en el marco de las herramientas de la econom\u00eda social, microcr\u00e9dito y asistencia a cooperativas; y en programas que est\u00e1 promoviendo el municipio en articulaci\u00f3n con la provincia, buscando fortalecer el tejido social. A trav\u00e9s de estas herramientas generamos autoempleo y fomentamos un circuito econ\u00f3mico distinto, mitigando los efectos y las consecuencias de estas decisiones macro-econ\u00f3micas que lastiman a comunidades como la de Concordia\u201d, finaliz\u00f3 la Ministra.<\/p>\n<p>&nbsp;<\/p>\n<p>En ese marco, en la ciudad comenzar\u00e1 a implementarse en breve el programa Crecer que brindar\u00e1 a decenas de j\u00f3venes una capacitaci\u00f3n en emprendedurismo, marketing, y otros aspectos para la puesta en marcha de un proyecto productivo sustentable.<\/p>\n","protected":false},"excerpt":{"rendered":"<p>Con el objetivo de realizar una evaluaci\u00f3n de los programas sociales, y del acompa\u00f1amiento a emprendedores y cooperativas de Concordia, la ministra de Desarrollo Social, Laura Stratta, se reuni\u00f3 este mi\u00e9rcoles en su despacho con el intendente de esa ciudad, Enrique Cresto. Tambi\u00e9n se planificaron acciones conjuntas para atender la demanda social del territorio &nbsp; &nbsp; &nbsp; Al finalizar el encuentro, el presidente municipal asegur\u00f3 que \u201ceste es un trabajo que venimos realizando desde el primer d\u00eda en la gesti\u00f3n, el de poder articular el gobierno provincial con el municipal&#8230;.<\/p>\n","protected":false},"author":3,"featured_media":9247,"comment_status":"closed","ping_status":"closed","sticky":false,"template":"","format":"standard","meta":[],"categories":[15],"tags":[],"_links":{"self":[{"href":"https:\/\/www.actualidadadiario.com\/index.php\/wp-json\/wp\/v2\/posts\/9246"}],"collection":[{"href":"https:\/\/www.actualidadadiario.com\/index.php\/wp-json\/wp\/v2\/posts"}],"about":[{"href":"https:\/\/www.actualidadadiario.com\/index.php\/wp-json\/wp\/v2\/types\/post"}],"author":[{"embeddable":true,"href":"https:\/\/www.actualidadadiario.com\/index.php\/wp-json\/wp\/v2\/users\/3"}],"replies":[{"embeddable":true,"href":"https:\/\/www.actualidadadiario.com\/index.php\/wp-json\/wp\/v2\/comments?post=9246"}],"version-history":[{"count":1,"href":"https:\/\/www.actualidadadiario.com\/index.php\/wp-json\/wp\/v2\/posts\/9246\/revisions"}],"predecessor-version":[{"id":9248,"href":"https:\/\/www.actualidadadiario.com\/index.php\/wp-json\/wp\/v2\/posts\/9246\/revisions\/9248"}],"wp:featuredmedia":[{"embeddable":true,"href":"https:\/\/www.actualidadadiario.com\/index.php\/wp-json\/wp\/v2\/media\/9247"}],"wp:attachment":[{"href":"https:\/\/www.actualidadadiario.com\/index.php\/wp-json\/wp\/v2\/media?parent=9246"}],"wp:term":[{"taxonomy":"category","embeddable":true,"href":"https:\/\/www.actualidadadiario.com\/index.php\/wp-json\/wp\/v2\/categories?post=9246"},{"taxonomy":"post_tag","embeddable":true,"href":"https:\/\/www.actualidadadiario.com\/index.php\/wp-json\/wp\/v2\/tags?post=9246"}],"curies":[{"name":"wp","href":"https:\/\/api.w.org\/{rel}","templated":true}]}}