{"id":9243,"date":"2017-03-30T10:09:38","date_gmt":"2017-03-30T13:09:38","guid":{"rendered":"http:\/\/actualidadadiario.com\/site\/?p=9243"},"modified":"2017-03-30T10:09:38","modified_gmt":"2017-03-30T13:09:38","slug":"el-gobierno-organiza-una-nueva-mision-comercial-a-paraguay","status":"publish","type":"post","link":"https:\/\/www.actualidadadiario.com\/index.php\/2017\/03\/30\/el-gobierno-organiza-una-nueva-mision-comercial-a-paraguay\/","title":{"rendered":"El gobierno organiza una nueva misi\u00f3n comercial a Paraguay"},"content":{"rendered":"<p><em><strong>En el marco del Plan de Acci\u00f3n de Promoci\u00f3n Comercial al exterior, el gobierno de Entre R\u00edos, a trav\u00e9s del Ministerio de Producci\u00f3n, organiza una nueva misi\u00f3n comercial e institucional multisectorial a la ciudad de Asunci\u00f3n, Paraguay. Est\u00e1 prevista para el 26 y 27 de abril y la fecha l\u00edmite de inscripci\u00f3n para las empresas interesadas en participar es el 16 del mes pr\u00f3ximo<\/strong><\/em><\/p>\n<p>&nbsp;<\/p>\n<p>&nbsp;<\/p>\n<p>&nbsp;<\/p>\n<p>El objeto es promover la venta de productos entrerrianos en ese pa\u00eds, impulsar la ampliaci\u00f3n del espectro de negocios y afianzar las vinculaciones comerciales e institucionales de la provincia. Cabe destacar que las exportaciones entrerrianas al Paraguay se han incrementado en los \u00faltimos a\u00f1os, producto de la continuidad y seguimiento de las acciones.<\/p>\n<p>&nbsp;<\/p>\n<p>El mercado paraguayo es un destino estrat\u00e9gico para Entre R\u00edos, ya que existe una considerable complementariedad productiva y cercan\u00eda en t\u00e9rminos geogr\u00e1ficos. Adem\u00e1s, el intercambio comercial sostenido en el tiempo y la importante experiencia que mantuvo la provincia durante a\u00f1os anteriores, indica que los sectores con mejores perspectivas de negocios entre ambos pa\u00edses son: alimentos y bebidas, construcci\u00f3n y muebles, papel y cart\u00f3n, equipos y material de transporte, bienes de capital (de los sectores de procesamiento de alimentos, construcci\u00f3n y muebles), manufacturas de madera, l\u00e1cteos, preparaciones a base de frutas y c\u00edtricos dulces, entre otros.<\/p>\n<p>&nbsp;<\/p>\n<p>La fecha l\u00edmite de inscripci\u00f3n para participar es el 16 de abril de 2017.<\/p>\n<p>&nbsp;<\/p>\n<p>Para consultas y mayor informaci\u00f3n respecto a la Misi\u00f3n, las empresas interesadas en participar pueden hacerlo en la Secretar\u00eda de Comercio del Ministerio de Producci\u00f3n, llamando a los tel\u00e9fonos: (0343) 4208428 \u2013 4208899, o a los siguientes correos electr\u00f3nicos (Mar\u00eda Jos\u00e9 Perottino) mariajose.perottino@hotmail.com o mjperottino@entrerios.gov.ar , (Pilar Aguado Aranguren) <a href=\"mailto:pilar.aguadoaranguren@gmail.com\">pilar.aguadoaranguren@gmail.com<\/a><\/p>\n","protected":false},"excerpt":{"rendered":"<p>En el marco del Plan de Acci\u00f3n de Promoci\u00f3n Comercial al exterior, el gobierno de Entre R\u00edos, a trav\u00e9s del Ministerio de Producci\u00f3n, organiza una nueva misi\u00f3n comercial e institucional multisectorial a la ciudad de Asunci\u00f3n, Paraguay. Est\u00e1 prevista para el 26 y 27 de abril y la fecha l\u00edmite de inscripci\u00f3n para las empresas interesadas en participar es el 16 del mes pr\u00f3ximo &nbsp; &nbsp; &nbsp; El objeto es promover la venta de productos entrerrianos en ese pa\u00eds, impulsar la ampliaci\u00f3n del espectro de negocios y afianzar las vinculaciones&#8230;<\/p>\n","protected":false},"author":3,"featured_media":9244,"comment_status":"closed","ping_status":"closed","sticky":false,"template":"","format":"standard","meta":[],"categories":[15],"tags":[],"_links":{"self":[{"href":"https:\/\/www.actualidadadiario.com\/index.php\/wp-json\/wp\/v2\/posts\/9243"}],"collection":[{"href":"https:\/\/www.actualidadadiario.com\/index.php\/wp-json\/wp\/v2\/posts"}],"about":[{"href":"https:\/\/www.actualidadadiario.com\/index.php\/wp-json\/wp\/v2\/types\/post"}],"author":[{"embeddable":true,"href":"https:\/\/www.actualidadadiario.com\/index.php\/wp-json\/wp\/v2\/users\/3"}],"replies":[{"embeddable":true,"href":"https:\/\/www.actualidadadiario.com\/index.php\/wp-json\/wp\/v2\/comments?post=9243"}],"version-history":[{"count":1,"href":"https:\/\/www.actualidadadiario.com\/index.php\/wp-json\/wp\/v2\/posts\/9243\/revisions"}],"predecessor-version":[{"id":9245,"href":"https:\/\/www.actualidadadiario.com\/index.php\/wp-json\/wp\/v2\/posts\/9243\/revisions\/9245"}],"wp:featuredmedia":[{"embeddable":true,"href":"https:\/\/www.actualidadadiario.com\/index.php\/wp-json\/wp\/v2\/media\/9244"}],"wp:attachment":[{"href":"https:\/\/www.actualidadadiario.com\/index.php\/wp-json\/wp\/v2\/media?parent=9243"}],"wp:term":[{"taxonomy":"category","embeddable":true,"href":"https:\/\/www.actualidadadiario.com\/index.php\/wp-json\/wp\/v2\/categories?post=9243"},{"taxonomy":"post_tag","embeddable":true,"href":"https:\/\/www.actualidadadiario.com\/index.php\/wp-json\/wp\/v2\/tags?post=9243"}],"curies":[{"name":"wp","href":"https:\/\/api.w.org\/{rel}","templated":true}]}}