{"id":9240,"date":"2017-03-30T10:08:51","date_gmt":"2017-03-30T13:08:51","guid":{"rendered":"http:\/\/actualidadadiario.com\/site\/?p=9240"},"modified":"2017-03-30T10:13:41","modified_gmt":"2017-03-30T13:13:41","slug":"aprobaron-mas-de-11-millones-en-aportes-no-reintegrables-para-pequenos-productores","status":"publish","type":"post","link":"https:\/\/www.actualidadadiario.com\/index.php\/2017\/03\/30\/aprobaron-mas-de-11-millones-en-aportes-no-reintegrables-para-pequenos-productores\/","title":{"rendered":"Aprobaron m\u00e1s de 11 millones en aportes no reintegrables para peque\u00f1os productores"},"content":{"rendered":"<p><em><strong>En su esfuerzo por acompa\u00f1ar y apoyar a peque\u00f1os productores citr\u00edcolas y fortalecer la cadena l\u00e1ctea, el gobierno de Entre R\u00edos defini\u00f3 el destino de una importante cantidad de fondos en concepto de Aportes No Reintegrables (ANR). Ser\u00e1n destinados a 61 planes de negocios por un monto mayor a los 11 millones de pesos<\/strong><\/em><\/p>\n<p>&nbsp;<\/p>\n<p>&nbsp;<\/p>\n<p>&nbsp;<\/p>\n<p>&nbsp;<\/p>\n<p>El Programa de Desarrollo Rural y Agricultura Familiar (Prodaf) que promueve el desarrollo rural en cadenas de valor seleccionadas en la provincia y que se ejecuta desde el Ministerio de Producci\u00f3n, realiz\u00f3 una nueva reuni\u00f3n del Comit\u00e9 de Aprobaci\u00f3n Provincial (CAP) de proyectos donde se confirm\u00f3 la ejecuci\u00f3n de 61 planes de negocios por un monto mayor a los 11 millones de pesos.<\/p>\n<p>&nbsp;<\/p>\n<p>Esos planes de negocios aprobados se componen de 31 proyectos referidos a la cadena l\u00e1ctea y 30 destinados a la cadena citr\u00edcola y alcanzan la suma de 11.510.000 pesos en Aportes No Reintegrables. Comprenden a peque\u00f1os productores citr\u00edcolas de Concordia y Federaci\u00f3n, mientras que los beneficiarios de la cadena l\u00e1ctea pertenecen a los departamentos Paran\u00e1, La Paz, Nogoy\u00e1, Tala, Gualeguay y Victoria.<\/p>\n<p>&nbsp;<\/p>\n<p>De la reuni\u00f3n del Comit\u00e9 que analiz\u00f3, evalu\u00f3 y determin\u00f3 la factibilidad de los planes de negocios, participaron el director de Agricultura y Coordinador T\u00e9cnico Provincial de Prodaf, Lucio Amavet; los t\u00e9cnicos del INTA, Rub\u00e9n D\u00edaz V\u00e9lez, Guillermo Stamatti y Walter Mancuso; la responsable t\u00e9cnica del Prodaf, Eva Cassano y los gerentes de cadenas de Prodaf, Juan Verliac y Manuel Izaguirre.<\/p>\n<p>&nbsp;<\/p>\n<p>Para m\u00e1s informaci\u00f3n sobre Prodaf o Proderi, que se ejecutan desde el Ministerio de Producci\u00f3n y gestiona la Unidad para el Cambio Rural (UCAR), los interesados pueden ingresar al sitio (http:\/\/www.entrerios.gov.ar\/minpro) y conocer los requisitos, objetivos e impactos logrados en nuestra provincia.<\/p>\n","protected":false},"excerpt":{"rendered":"<p>En su esfuerzo por acompa\u00f1ar y apoyar a peque\u00f1os productores citr\u00edcolas y fortalecer la cadena l\u00e1ctea, el gobierno de Entre R\u00edos defini\u00f3 el destino de una importante cantidad de fondos en concepto de Aportes No Reintegrables (ANR). Ser\u00e1n destinados a 61 planes de negocios por un monto mayor a los 11 millones de pesos &nbsp; &nbsp; &nbsp; &nbsp; El Programa de Desarrollo Rural y Agricultura Familiar (Prodaf) que promueve el desarrollo rural en cadenas de valor seleccionadas en la provincia y que se ejecuta desde el Ministerio de Producci\u00f3n, realiz\u00f3&#8230;<\/p>\n","protected":false},"author":3,"featured_media":9241,"comment_status":"closed","ping_status":"closed","sticky":false,"template":"","format":"standard","meta":[],"categories":[9],"tags":[],"_links":{"self":[{"href":"https:\/\/www.actualidadadiario.com\/index.php\/wp-json\/wp\/v2\/posts\/9240"}],"collection":[{"href":"https:\/\/www.actualidadadiario.com\/index.php\/wp-json\/wp\/v2\/posts"}],"about":[{"href":"https:\/\/www.actualidadadiario.com\/index.php\/wp-json\/wp\/v2\/types\/post"}],"author":[{"embeddable":true,"href":"https:\/\/www.actualidadadiario.com\/index.php\/wp-json\/wp\/v2\/users\/3"}],"replies":[{"embeddable":true,"href":"https:\/\/www.actualidadadiario.com\/index.php\/wp-json\/wp\/v2\/comments?post=9240"}],"version-history":[{"count":1,"href":"https:\/\/www.actualidadadiario.com\/index.php\/wp-json\/wp\/v2\/posts\/9240\/revisions"}],"predecessor-version":[{"id":9242,"href":"https:\/\/www.actualidadadiario.com\/index.php\/wp-json\/wp\/v2\/posts\/9240\/revisions\/9242"}],"wp:featuredmedia":[{"embeddable":true,"href":"https:\/\/www.actualidadadiario.com\/index.php\/wp-json\/wp\/v2\/media\/9241"}],"wp:attachment":[{"href":"https:\/\/www.actualidadadiario.com\/index.php\/wp-json\/wp\/v2\/media?parent=9240"}],"wp:term":[{"taxonomy":"category","embeddable":true,"href":"https:\/\/www.actualidadadiario.com\/index.php\/wp-json\/wp\/v2\/categories?post=9240"},{"taxonomy":"post_tag","embeddable":true,"href":"https:\/\/www.actualidadadiario.com\/index.php\/wp-json\/wp\/v2\/tags?post=9240"}],"curies":[{"name":"wp","href":"https:\/\/api.w.org\/{rel}","templated":true}]}}