{"id":9221,"date":"2017-03-29T09:38:21","date_gmt":"2017-03-29T12:38:21","guid":{"rendered":"http:\/\/actualidadadiario.com\/site\/?p=9221"},"modified":"2017-03-29T09:38:21","modified_gmt":"2017-03-29T12:38:21","slug":"evo-morales-admite-que-su-enfermedad-en-la-garganta-empeora","status":"publish","type":"post","link":"https:\/\/www.actualidadadiario.com\/index.php\/2017\/03\/29\/evo-morales-admite-que-su-enfermedad-en-la-garganta-empeora\/","title":{"rendered":"Evo Morales admite que su enfermedad en la garganta empeora"},"content":{"rendered":"<p><em><strong>&#8220;Por recomendaci\u00f3n m\u00e9dica y por decisi\u00f3n del gabinete y del vicepresidente (\u00c1lvaro Garc\u00eda), tengo que viajar con urgencia (este mi\u00e9rcoles)&#8221;, manifest\u00f3 el Presidente de Bolivia en una reuni\u00f3n con productores de coca en la Casa de Gobierno<\/strong><\/em><\/p>\n<p>&nbsp;<\/p>\n<p>&nbsp;<\/p>\n<p>&nbsp;<\/p>\n<p>&nbsp;<\/p>\n<p>El Presidente de Bolivia, Evo Morales, dijo que el n\u00f3dulo en la garganta, por el que ser\u00e1 sometido a una cirug\u00eda en Cuba, &#8220;cada vez va empeorando&#8221;, y que por ello volvi\u00f3 a adelantar &#8220;con urgencia&#8221; su viaje a La Habana para este mi\u00e9rcoles.<\/p>\n<p>&nbsp;<\/p>\n<p>&#8220;Ma\u00f1ana (mi\u00e9rcoles) en la noche tengo que viajar con urgencia; no siento dolor, es una ronquera y la voz hab\u00eda sido importante, siento que cada vez va empeorando, y mejor r\u00e1pidamente someterse a una peque\u00f1a cirug\u00eda, el problema es el reposo&#8221;, dijo el Mandatario en un acto p\u00fablico.<\/p>\n<p>&nbsp;<\/p>\n<p>&#8220;Por recomendaci\u00f3n m\u00e9dica y por decisi\u00f3n del gabinete y del vicepresidente (\u00c1lvaro Garc\u00eda), ma\u00f1ana en la noche tengo que viajar con urgencia&#8221;, manifest\u00f3 en una reuni\u00f3n con productores de coca en la Casa de Gobierno.<\/p>\n<p>&nbsp;<\/p>\n<p>El ministro de la Presidencia, Ren\u00e9 Mart\u00ednez, hab\u00eda informado previamente que Morales, que deb\u00eda ser operado en abril, hab\u00eda adelantado su viaje para el jueves.<\/p>\n<p>&nbsp;<\/p>\n<p>La cirug\u00eda en la garganta ser\u00e1 practicada el viernes, confirm\u00f3 en tanto la ministra de Salud, Ariana Campero. Tras la operaci\u00f3n, Morales tendr\u00e1 un &#8220;reposo de voz total&#8221; de &#8220;m\u00e1s o menos dos semanas&#8221;, agreg\u00f3.<\/p>\n<p>&nbsp;<\/p>\n<p>Con la voz enronquecida, Morales declar\u00f3 la tarde de este martes en el estadio Hernando Siles, de La Paz, que fue &#8220;buen partido, aunque pod\u00edamos golear mucho m\u00e1s&#8221; en el triunfo 2-0 del seleccionado de Bolivia frente a Argentina, sin su astro Lionel Messi, por el premundial a Rusia-2018.<\/p>\n<p>&nbsp;<\/p>\n<p>Tras presentar malestares a mediados de marzo, Morales realiz\u00f3 un viaje a La Habana para una revisi\u00f3n m\u00e9dica, donde se le diagnostic\u00f3 un n\u00f3dulo benigno en la garganta, que inicialmente iba a ser operado en abril. El Presidente revel\u00f3 que experiment\u00f3 un dolor &#8220;insoportable&#8221; que no lo dejaba dormir, por lo que busc\u00f3 atenci\u00f3n m\u00e9dica en Cuba.<\/p>\n<p>&nbsp;<\/p>\n<p>Desde que asumi\u00f3 en 2006, Morales fue operado dos veces por problemas en su rodilla debidos a su afici\u00f3n por el f\u00fatbol, y otra vez en la nariz para realizar un correctivo en las fosas nasales y que pudiera respirar correctamente.<\/p>\n","protected":false},"excerpt":{"rendered":"<p>&#8220;Por recomendaci\u00f3n m\u00e9dica y por decisi\u00f3n del gabinete y del vicepresidente (\u00c1lvaro Garc\u00eda), tengo que viajar con urgencia (este mi\u00e9rcoles)&#8221;, manifest\u00f3 el Presidente de Bolivia en una reuni\u00f3n con productores de coca en la Casa de Gobierno &nbsp; &nbsp; &nbsp; &nbsp; El Presidente de Bolivia, Evo Morales, dijo que el n\u00f3dulo en la garganta, por el que ser\u00e1 sometido a una cirug\u00eda en Cuba, &#8220;cada vez va empeorando&#8221;, y que por ello volvi\u00f3 a adelantar &#8220;con urgencia&#8221; su viaje a La Habana para este mi\u00e9rcoles. &nbsp; &#8220;Ma\u00f1ana (mi\u00e9rcoles) en la&#8230;<\/p>\n","protected":false},"author":3,"featured_media":9222,"comment_status":"closed","ping_status":"closed","sticky":false,"template":"","format":"standard","meta":[],"categories":[4],"tags":[],"_links":{"self":[{"href":"https:\/\/www.actualidadadiario.com\/index.php\/wp-json\/wp\/v2\/posts\/9221"}],"collection":[{"href":"https:\/\/www.actualidadadiario.com\/index.php\/wp-json\/wp\/v2\/posts"}],"about":[{"href":"https:\/\/www.actualidadadiario.com\/index.php\/wp-json\/wp\/v2\/types\/post"}],"author":[{"embeddable":true,"href":"https:\/\/www.actualidadadiario.com\/index.php\/wp-json\/wp\/v2\/users\/3"}],"replies":[{"embeddable":true,"href":"https:\/\/www.actualidadadiario.com\/index.php\/wp-json\/wp\/v2\/comments?post=9221"}],"version-history":[{"count":1,"href":"https:\/\/www.actualidadadiario.com\/index.php\/wp-json\/wp\/v2\/posts\/9221\/revisions"}],"predecessor-version":[{"id":9223,"href":"https:\/\/www.actualidadadiario.com\/index.php\/wp-json\/wp\/v2\/posts\/9221\/revisions\/9223"}],"wp:featuredmedia":[{"embeddable":true,"href":"https:\/\/www.actualidadadiario.com\/index.php\/wp-json\/wp\/v2\/media\/9222"}],"wp:attachment":[{"href":"https:\/\/www.actualidadadiario.com\/index.php\/wp-json\/wp\/v2\/media?parent=9221"}],"wp:term":[{"taxonomy":"category","embeddable":true,"href":"https:\/\/www.actualidadadiario.com\/index.php\/wp-json\/wp\/v2\/categories?post=9221"},{"taxonomy":"post_tag","embeddable":true,"href":"https:\/\/www.actualidadadiario.com\/index.php\/wp-json\/wp\/v2\/tags?post=9221"}],"curies":[{"name":"wp","href":"https:\/\/api.w.org\/{rel}","templated":true}]}}