{"id":9212,"date":"2017-03-29T09:34:06","date_gmt":"2017-03-29T12:34:06","guid":{"rendered":"http:\/\/actualidadadiario.com\/site\/?p=9212"},"modified":"2017-03-29T09:34:06","modified_gmt":"2017-03-29T12:34:06","slug":"cumbre-de-bullrich-con-provincias","status":"publish","type":"post","link":"https:\/\/www.actualidadadiario.com\/index.php\/2017\/03\/29\/cumbre-de-bullrich-con-provincias\/","title":{"rendered":"Cumbre de Bullrich con provincias"},"content":{"rendered":"<p><em><strong>El encuentro se produce en medio de oleada de paros nacionales y locales. Discrepancias entre distritos ante paritaria federal ausente<\/strong><\/em><\/p>\n<p>&nbsp;<\/p>\n<p>&nbsp;<\/p>\n<p>&nbsp;<\/p>\n<p>&nbsp;<\/p>\n<p>En medio de la escalada de tensi\u00f3n por el conflicto docente, el ministro de Educaci\u00f3n nacional, Esteban Bullrich, protagonizar\u00e1 hoy y ma\u00f1ana una cumbre con sus pares de las provincias en Salta, en la que se colar\u00e1 inevitablemente la a\u00fan irresuelta pulseada salarial con la Casa Rosada y con m\u00e1s de la mitad de los gobernadores.<\/p>\n<p>&nbsp;<\/p>\n<p>La cita se dar\u00e1 en el marco de una nueva reuni\u00f3n del Consejo Federal de Educaci\u00f3n, que tendr\u00e1 como inc\u00f3modo tel\u00f3n de fondo un inicio del ciclo lectivo -hace poco menos de un mes- signado por las medidas de fuerza federales y provinciales.<\/p>\n<p>&nbsp;<\/p>\n<p>De hecho, el ministro educativo de Mar\u00eda Eugenia Vidal, Alejandro Finocchiaro, pisar\u00e1 suelo salte\u00f1o con los dos d\u00edas de huelga -desde hoy- que decretaron ayer los seis gremios bonaerenses, ante un nuevo traspi\u00e9 en la negociaci\u00f3n.<\/p>\n<p>&nbsp;<\/p>\n<p>La agenda oficial del encuentro con Bullrich -que ayer retornaba de la gira presidencial por Holanda- no incluye, en rigor, el cap\u00edtulo salarial. Pero formar\u00e1 parte de las conversaciones por el presente de paros que golpea a muchos distritos y, de hecho, por la probable ausencia de varios de los ministros provinciales, inmersos en las pulseadas de sueldo locales.<\/p>\n<p>&nbsp;<\/p>\n<p>En los \u00faltimos d\u00edas, Bullrich sali\u00f3 a defender la decisi\u00f3n de Mauricio Macri de no convocar este a\u00f1o a una paritaria salarial con los gremios docentes con representaci\u00f3n federal y patear la mayor parte de la discusi\u00f3n a los mandatarios, bajo el argumento de que se trata de los verdaderos empleadores de los maestros.<\/p>\n<p>&nbsp;<\/p>\n<p>La reacci\u00f3n de Bullrich se dio tras una andanada de seis paros nacionales desde el 6-M, con los que CTERA, UDA, SADOP, AMET y CEA presionaron al Palacio Sarmiento en pos de un llamado, que Macri no est\u00e1 dispuesto a destrabar, para consensuar una suba del piso salarial del sector a nivel pa\u00eds.<\/p>\n<p>&nbsp;<\/p>\n<p>Se trata de una estrategia que desde la Casa Rosada presentan como consensuada con el grueso de los gobernadores, aunque en rigor, en voz alta o por lo bajo, al menos una decena de los mandatarios cuestiona, por entender que de esa manera &#8220;les patearon el conflicto a las provincias&#8221;.<\/p>\n<p>&nbsp;<\/p>\n<p>La incomodidad se suma al reclamo -que algunos ministros reactivar\u00edan hoy- de un mayor flujo de fondos nacionales para apuntalar las subas a docentes.<\/p>\n<p>&nbsp;<\/p>\n<p>En un intento de blindaje frente a la andanada de reclamos que golpearon de lleno a la educaci\u00f3n p\u00fablica, d\u00edas atr\u00e1s la macrista Vidal sali\u00f3 a apuntalar la estrategia de Cambiemos de no retomar el round por salarios en el plano nacional.<\/p>\n<p>&nbsp;<\/p>\n<p>Con su a\u00fan abierta puja con los maestros bonaerenses como prueba piloto para otras provincias, Vidal por esas horas apur\u00f3 a sus pares. &#8220;Yo soy la gobernadora que lo dice p\u00fablicamente, pero hubo casi 20 gobernadores que estaban en desacuerdo con la paritaria nacional; ser\u00eda bueno que lo digan&#8221;, areng\u00f3.<\/p>\n<p>&nbsp;<\/p>\n<p>En las \u00faltimas horas recogieron el guante, en esa l\u00ednea, dos peronistas de buena sinton\u00eda con la Casa Rosada: el cordob\u00e9s Juan Schiaretti y el salte\u00f1o Juan Manuel Urtubey.<\/p>\n<p>&nbsp;<\/p>\n<p>&#8220;No tiene ning\u00fan sentido una paritaria entre el Estado nacional y los gremios nacionales porque el Estado nacional no tiene docentes a cargo y por ello no debe ser el que fije el salario de los cordobeses&#8221;, dijo el cacique de Uni\u00f3n por C\u00f3rdoba, poco antes de partir a Brasil para tomar una semana de descanso, lo que desat\u00f3 la ira de la docente UEPC.<\/p>\n<p>&nbsp;<\/p>\n<p>&#8220;Desde Salta pagamos el salario a los docentes, con lo cual es absurdo que la negociaci\u00f3n la haga otro con la plata de mi provincia&#8221;, asegur\u00f3 por su parte el mandatario salte\u00f1o.<\/p>\n<p>&nbsp;<\/p>\n<p>Sin embargo, otros mandatarios no comparten esa visi\u00f3n. &#8220;El gremio docente tiene raz\u00f3n cuando reclama el cumplimiento de una ley: no se trata de una paritaria que piden los docentes, es una paritaria instaurada por la Ley de Financiamiento Educativo, que dice que se tienen que reunir el ministro de Educaci\u00f3n de la Naci\u00f3n, el Consejo de Educaci\u00f3n Federal y los gremios con representaci\u00f3n nacional a discutir el tema&#8221;, se\u00f1al\u00f3 el peronista pampeano Carlos Verna.<\/p>\n<p>&nbsp;<\/p>\n<p>Ese planteo es compartido por un importante ramillete de gobernadores del NOA y NEA -que no incluye al radical juje\u00f1o Gerardo Morales- y por algunos sure\u00f1os (como Alicia Kirchner, en Santa Cruz), ante el temor de que pautas desmedidas de otras provincias suban la vara de la discusi\u00f3n salarial local.<\/p>\n<p>&nbsp;<\/p>\n<p>La queja por la ausencia de una paritaria federal fue elevada ya por esos distritos en la \u00faltima reuni\u00f3n del Consejo Federal de Educaci\u00f3n, que se desarroll\u00f3 en febrero en Mendoza.<\/p>\n<p>&nbsp;<\/p>\n<p>Pero ayer hab\u00eda pesimismo en algunos despachos del interior respecto de la conveniencia de reflotar hoy ese planteo, aunque s\u00ed las conversaciones podr\u00edan incluir un nuevo pedido en pos de incrementar los fondos que Naci\u00f3n les env\u00eda para apuntalar el salario de los docentes, v\u00eda el Fondo Nacional de Incentivo Docente (FONID) y el Fondo Compensador (en este caso, a seis distritos para asegurar el monto del b\u00e1sico).<\/p>\n","protected":false},"excerpt":{"rendered":"<p>El encuentro se produce en medio de oleada de paros nacionales y locales. Discrepancias entre distritos ante paritaria federal ausente &nbsp; &nbsp; &nbsp; &nbsp; En medio de la escalada de tensi\u00f3n por el conflicto docente, el ministro de Educaci\u00f3n nacional, Esteban Bullrich, protagonizar\u00e1 hoy y ma\u00f1ana una cumbre con sus pares de las provincias en Salta, en la que se colar\u00e1 inevitablemente la a\u00fan irresuelta pulseada salarial con la Casa Rosada y con m\u00e1s de la mitad de los gobernadores. &nbsp; La cita se dar\u00e1 en el marco de una&#8230;<\/p>\n","protected":false},"author":3,"featured_media":9213,"comment_status":"closed","ping_status":"closed","sticky":false,"template":"","format":"standard","meta":[],"categories":[18],"tags":[],"_links":{"self":[{"href":"https:\/\/www.actualidadadiario.com\/index.php\/wp-json\/wp\/v2\/posts\/9212"}],"collection":[{"href":"https:\/\/www.actualidadadiario.com\/index.php\/wp-json\/wp\/v2\/posts"}],"about":[{"href":"https:\/\/www.actualidadadiario.com\/index.php\/wp-json\/wp\/v2\/types\/post"}],"author":[{"embeddable":true,"href":"https:\/\/www.actualidadadiario.com\/index.php\/wp-json\/wp\/v2\/users\/3"}],"replies":[{"embeddable":true,"href":"https:\/\/www.actualidadadiario.com\/index.php\/wp-json\/wp\/v2\/comments?post=9212"}],"version-history":[{"count":1,"href":"https:\/\/www.actualidadadiario.com\/index.php\/wp-json\/wp\/v2\/posts\/9212\/revisions"}],"predecessor-version":[{"id":9214,"href":"https:\/\/www.actualidadadiario.com\/index.php\/wp-json\/wp\/v2\/posts\/9212\/revisions\/9214"}],"wp:featuredmedia":[{"embeddable":true,"href":"https:\/\/www.actualidadadiario.com\/index.php\/wp-json\/wp\/v2\/media\/9213"}],"wp:attachment":[{"href":"https:\/\/www.actualidadadiario.com\/index.php\/wp-json\/wp\/v2\/media?parent=9212"}],"wp:term":[{"taxonomy":"category","embeddable":true,"href":"https:\/\/www.actualidadadiario.com\/index.php\/wp-json\/wp\/v2\/categories?post=9212"},{"taxonomy":"post_tag","embeddable":true,"href":"https:\/\/www.actualidadadiario.com\/index.php\/wp-json\/wp\/v2\/tags?post=9212"}],"curies":[{"name":"wp","href":"https:\/\/api.w.org\/{rel}","templated":true}]}}