{"id":9209,"date":"2017-03-29T09:27:29","date_gmt":"2017-03-29T12:27:29","guid":{"rendered":"http:\/\/actualidadadiario.com\/site\/?p=9209"},"modified":"2017-03-29T09:27:29","modified_gmt":"2017-03-29T12:27:29","slug":"un-paro-totalmente-justificado","status":"publish","type":"post","link":"https:\/\/www.actualidadadiario.com\/index.php\/2017\/03\/29\/un-paro-totalmente-justificado\/","title":{"rendered":"\u201cUn paro totalmente justificado\u201d"},"content":{"rendered":"<p><em><strong>Los representantes nacionales del PJ plantearon que el Gobierno debe escuchar los reclamos de la CGT. Dejaron abierta la puerta a una eventual candidatura de CFK y criticaron a los gobernadores peronistas que se muestran cerca del oficialismo<\/strong><\/em><\/p>\n<p>&nbsp;<\/p>\n<p>&nbsp;<\/p>\n<p>&nbsp;<\/p>\n<p>Con una s\u00f3lida adhesi\u00f3n al paro convocado por la CGT para el 6 de abril, una condena a la pol\u00edtica econ\u00f3mica del Gobierno y gestos claros de cara a las elecciones de este a\u00f1o, el Partido Justicialista tuvo ayer una nueva reuni\u00f3n de su consejo nacional, donde se abrieron las puertas a una eventual candidatura de la ex presidenta Cristina Fern\u00e1ndez y se escucharon duras cr\u00edticas contra los gobernadores peronistas que se muestran m\u00e1s cerca del oficialismo que de la oposici\u00f3n. Tambi\u00e9n se convoc\u00f3 al Congreso Nacional Justicialista para la primera quincena de junio, donde se debatir\u00e1 el cierre de listas.<\/p>\n<p>&nbsp;<\/p>\n<p>\u201cEl PJ nacional entiende como totalmente justificado el paro general convocado para el 6 de abril por las centrales obreras, un llamado de atenci\u00f3n que debe ser escuchado por el Gobierno para que modifique su pol\u00edtica y comience a cuidar a los trabajadores argentinos\u201d, dice el pasaje m\u00e1s fuerte del documento consensuado que ley\u00f3 la intendenta de La Matanza, Ver\u00f3nica Magario, y recogi\u00f3 la aprobaci\u00f3n de los consejeros.<\/p>\n<p>&nbsp;<\/p>\n<p>El texto advierte que \u201cel Gobierno contin\u00faa sin encontrar el rumbo de la reactivaci\u00f3n econ\u00f3mica\u201d, lo que termina teniendo como consecuencia la \u201cp\u00e9rdida de empleo tanto en el sector industrial como en el comercial\u201d producto del \u201ccierre de empresas\u201d. Destaca como uno de los problemas m\u00e1s acuciantes el \u201cdeterioro del poder adquisitivo del salario\u201d debido al \u201cincremento inflacionario\u201d y, adem\u00e1s, exige que el Ejecutivo garantice negociaciones \u201clibres y sin topes\u201d.<\/p>\n<p>&nbsp;<\/p>\n<p>Entre los asistentes se destac\u00f3 la presencia de Carlos Acu\u00f1a, uno de los miembros del triunvirato que conduce la CGT y que estaba retirado de la vida partidaria pejotista desde hace unos a\u00f1os, cuando inici\u00f3 su acercamiento al Frente Renovador. Tambi\u00e9n fueron de la partida el ex candidato presidencial Daniel Scioli; el titular de bloque de senadores nacionales, Miguel Pichetto; el ex ministro de Educaci\u00f3n Daniel Filmus; el titular del PJ porte\u00f1o, V\u00edctor Santa Mar\u00eda; y representantes de todas las provincias.<\/p>\n<p>&nbsp;<\/p>\n<p>El titular del partido, Jos\u00e9 Luis Gioja, fue uno de los oradores, y en su mensaje cuestion\u00f3 duramente las acusaciones del oficialismo contra el peronismo por orquestar supuestas maniobras desestabilizadoras. \u201cEl justicialismo ha sido siempre defensor de la democracia, del sistema republicano de Gobierno. Negamos cualquier responsabilidad de las acusaciones que se le quieran hacer al justicialismo o a alguna de sus organizaciones\u201d, dijo el sanjuanino.<\/p>\n<p>&nbsp;<\/p>\n<p>El tema electoral sobrevol\u00f3 el quincho de Matheu. El mismo Gioja dio algunas definiciones sobre el rol que puede tener Cristina Fern\u00e1ndez de Kirchner en la estrategia electoral de este a\u00f1o. \u201cLa decisi\u00f3n de si participa o no participa no depende de nosotros, sino exclusivamente de ella, reconociendo que la compa\u00f1era es una referente importante no s\u00f3lo del justicialismo sino de la pol\u00edtica argentina\u201d, dijo el presidente del partido, midiendo las palabras.<\/p>\n<p>&nbsp;<\/p>\n<p>En el mismo sentido se manifest\u00f3 el titular del PJ bonaerense, Fernando Espinoza, que asegur\u00f3 que \u201cest\u00e1 abierta la posibilidad de que Cristina sea candidata por la provincia\u201d ya que \u201ctodas las encuestadoras, hasta las m\u00e1s cercanas al oficialismo\u201d, muestran que \u201clidera ampliamente\u201d los sondeos. De todas formas, diplom\u00e1tico, tambi\u00e9n aclar\u00f3 que \u201cBuenos Aires tiene para ofrecer hoy otros dirigentes como el compa\u00f1ero Florencio Randazzo e intendentes exitosos\u201d.<\/p>\n<p>&nbsp;<\/p>\n<p>Hubo, en cambio, un mensaje por elevaci\u00f3n contra Juan Manuel Urtubey y Rosana Bertone, mandatarios provinciales que en los \u00faltimos meses se mostraron m\u00e1s afines al gobierno nacional y cortaron lazos de di\u00e1logo con el peronismo. Sali\u00f3 de la boca del presidente del Congreso Nacional Justicialista, Gildo Insfr\u00e1n: \u201cNo puede ser que haya compa\u00f1eros gobernadores que le pidan permiso al ministro del Interior para venir a las reuniones del partido\u201d, dijo el formose\u00f1o, con aprobaci\u00f3n mayoritaria de la concurrencia.<\/p>\n","protected":false},"excerpt":{"rendered":"<p>Los representantes nacionales del PJ plantearon que el Gobierno debe escuchar los reclamos de la CGT. Dejaron abierta la puerta a una eventual candidatura de CFK y criticaron a los gobernadores peronistas que se muestran cerca del oficialismo &nbsp; &nbsp; &nbsp; Con una s\u00f3lida adhesi\u00f3n al paro convocado por la CGT para el 6 de abril, una condena a la pol\u00edtica econ\u00f3mica del Gobierno y gestos claros de cara a las elecciones de este a\u00f1o, el Partido Justicialista tuvo ayer una nueva reuni\u00f3n de su consejo nacional, donde se abrieron&#8230;<\/p>\n","protected":false},"author":3,"featured_media":9210,"comment_status":"closed","ping_status":"closed","sticky":false,"template":"","format":"standard","meta":[],"categories":[18],"tags":[],"_links":{"self":[{"href":"https:\/\/www.actualidadadiario.com\/index.php\/wp-json\/wp\/v2\/posts\/9209"}],"collection":[{"href":"https:\/\/www.actualidadadiario.com\/index.php\/wp-json\/wp\/v2\/posts"}],"about":[{"href":"https:\/\/www.actualidadadiario.com\/index.php\/wp-json\/wp\/v2\/types\/post"}],"author":[{"embeddable":true,"href":"https:\/\/www.actualidadadiario.com\/index.php\/wp-json\/wp\/v2\/users\/3"}],"replies":[{"embeddable":true,"href":"https:\/\/www.actualidadadiario.com\/index.php\/wp-json\/wp\/v2\/comments?post=9209"}],"version-history":[{"count":1,"href":"https:\/\/www.actualidadadiario.com\/index.php\/wp-json\/wp\/v2\/posts\/9209\/revisions"}],"predecessor-version":[{"id":9211,"href":"https:\/\/www.actualidadadiario.com\/index.php\/wp-json\/wp\/v2\/posts\/9209\/revisions\/9211"}],"wp:featuredmedia":[{"embeddable":true,"href":"https:\/\/www.actualidadadiario.com\/index.php\/wp-json\/wp\/v2\/media\/9210"}],"wp:attachment":[{"href":"https:\/\/www.actualidadadiario.com\/index.php\/wp-json\/wp\/v2\/media?parent=9209"}],"wp:term":[{"taxonomy":"category","embeddable":true,"href":"https:\/\/www.actualidadadiario.com\/index.php\/wp-json\/wp\/v2\/categories?post=9209"},{"taxonomy":"post_tag","embeddable":true,"href":"https:\/\/www.actualidadadiario.com\/index.php\/wp-json\/wp\/v2\/tags?post=9209"}],"curies":[{"name":"wp","href":"https:\/\/api.w.org\/{rel}","templated":true}]}}