{"id":9203,"date":"2017-03-29T09:25:44","date_gmt":"2017-03-29T12:25:44","guid":{"rendered":"http:\/\/actualidadadiario.com\/site\/?p=9203"},"modified":"2017-03-29T09:25:44","modified_gmt":"2017-03-29T12:25:44","slug":"luz-verde-del-senado-para-uso-medicinal-del-cannabis","status":"publish","type":"post","link":"https:\/\/www.actualidadadiario.com\/index.php\/2017\/03\/29\/luz-verde-del-senado-para-uso-medicinal-del-cannabis\/","title":{"rendered":"Luz verde del Senado para uso medicinal del cannabis"},"content":{"rendered":"<p><em><strong>El Senado avanz\u00f3 con el proyecto de ley para regular la investigaci\u00f3n del uso medicinal de la planta de cannabis y de esta manera la iniciativa qued\u00f3 a un paso de convertirse en ley<\/strong><\/em><\/p>\n<p>&nbsp;<\/p>\n<p>&nbsp;<\/p>\n<p>&nbsp;<\/p>\n<p>&nbsp;<\/p>\n<p>&nbsp;<\/p>\n<p>El proyecto, aprobado por la C\u00e1mara de Diputados en noviembre del a\u00f1o pasado, obtuvo dictamen de las comisiones de Salud, de Ciencia y Tecnolog\u00eda y de Presupuesto y Hacienda, con un amplio consenso.<\/p>\n<p>&nbsp;<\/p>\n<p>La ONG Mam\u00e1 Cultiva respald\u00f3 el proyecto y destac\u00f3 que &#8220;incluye un marco de protecci\u00f3n para las miles de familias que cultivamos cannabis con fines medicinales&#8221;. De esta forma, el colectivo remarco &#8220;la inscripci\u00f3n en un registro habilitado para tal fin&#8221;.<\/p>\n<p>&nbsp;<\/p>\n<p>En tanto, agreg\u00f3 que &#8220;este marco de protecci\u00f3n implica un avance sustancial respecto de la ley actual: rompe con la inercia prohibicionista y es el escal\u00f3n a partir del cual ser\u00e1 posible seguir luchando por leyes que regulen el autocultivo y el cultivo solidario y colectivo, sin perseguir ni criminalizar a los cultivadores&#8221;.<\/p>\n<p>&nbsp;<\/p>\n<p>&#8220;La sanci\u00f3n de la Ley nos permitir\u00eda empezar a trabajar codo a codo con la comunidad m\u00e9dica y cient\u00edfica que por fin, podr\u00e1n revalidar nuestro testimonio respecto de las propiedades de esta planta, que tanto defendemos&#8221;, concluye.<\/p>\n<p>&nbsp;<\/p>\n<p>Durante el plenario, m\u00e9dicos y familiares de pacientes con graves enfermedades neurol\u00f3gicas se manifestaron a favor del uso medicinal de cannabis, aunque reclamaron la posibilidad de poder cultivar plantas de marihuana en su casa, que el proyecto no permite.<\/p>\n<p>&nbsp;<\/p>\n<p>La investigadora del CONICET y especialista en neurociencia, Silvia Kochen, record\u00f3 que &#8220;en todo el mundo el uso de cannabis medicinal es legal&#8221; y agreg\u00f3 que &#8220;en pacientes que no responden a tratamientos tradicionales y en los que no hace falta cirug\u00eda, las investigaciones demostraron que responden al uso&#8221; de los derivados de la planta de marihuana.<\/p>\n<p>&nbsp;<\/p>\n<p>&#8220;Lo que observamos en casi el 50 por ciento de los pacientes que usan cannabis es que responden al tratamiento y disminuyen las frecuencias de las crisis&#8221;, asegur\u00f3 Kochen.<\/p>\n<p>&nbsp;<\/p>\n<p>Finalmente, la m\u00e9dica afirm\u00f3 que &#8220;los efectos adversos son m\u00ednimos&#8221; y asever\u00f3 que &#8220;no es la panacea, pero tampoco es que no sirve para nada&#8221;.<\/p>\n<p>&nbsp;<\/p>\n<p>El m\u00e9dico del Instituto de Neurociencias de La Plata, Marcelo Morante, ponder\u00f3 el proyecto de ley que se estudia en el Senado y enfatiz\u00f3: &#8220;El Estado va a generar cannabis de calidad para los tratamientos&#8221;.<\/p>\n<p>&nbsp;<\/p>\n<p>No obstante, agreg\u00f3 que &#8220;el cultivo solidario de cannabis deber\u00eda estar contemplado en la legislaci\u00f3n&#8221; aunque reconoci\u00f3 que la sanci\u00f3n de la norma &#8220;es algo grande para que la sociedad tenga menos dolor&#8221;.<\/p>\n","protected":false},"excerpt":{"rendered":"<p>El Senado avanz\u00f3 con el proyecto de ley para regular la investigaci\u00f3n del uso medicinal de la planta de cannabis y de esta manera la iniciativa qued\u00f3 a un paso de convertirse en ley &nbsp; &nbsp; &nbsp; &nbsp; &nbsp; El proyecto, aprobado por la C\u00e1mara de Diputados en noviembre del a\u00f1o pasado, obtuvo dictamen de las comisiones de Salud, de Ciencia y Tecnolog\u00eda y de Presupuesto y Hacienda, con un amplio consenso. &nbsp; La ONG Mam\u00e1 Cultiva respald\u00f3 el proyecto y destac\u00f3 que &#8220;incluye un marco de protecci\u00f3n para las&#8230;<\/p>\n","protected":false},"author":3,"featured_media":9204,"comment_status":"closed","ping_status":"closed","sticky":false,"template":"","format":"standard","meta":[],"categories":[18],"tags":[],"_links":{"self":[{"href":"https:\/\/www.actualidadadiario.com\/index.php\/wp-json\/wp\/v2\/posts\/9203"}],"collection":[{"href":"https:\/\/www.actualidadadiario.com\/index.php\/wp-json\/wp\/v2\/posts"}],"about":[{"href":"https:\/\/www.actualidadadiario.com\/index.php\/wp-json\/wp\/v2\/types\/post"}],"author":[{"embeddable":true,"href":"https:\/\/www.actualidadadiario.com\/index.php\/wp-json\/wp\/v2\/users\/3"}],"replies":[{"embeddable":true,"href":"https:\/\/www.actualidadadiario.com\/index.php\/wp-json\/wp\/v2\/comments?post=9203"}],"version-history":[{"count":1,"href":"https:\/\/www.actualidadadiario.com\/index.php\/wp-json\/wp\/v2\/posts\/9203\/revisions"}],"predecessor-version":[{"id":9205,"href":"https:\/\/www.actualidadadiario.com\/index.php\/wp-json\/wp\/v2\/posts\/9203\/revisions\/9205"}],"wp:featuredmedia":[{"embeddable":true,"href":"https:\/\/www.actualidadadiario.com\/index.php\/wp-json\/wp\/v2\/media\/9204"}],"wp:attachment":[{"href":"https:\/\/www.actualidadadiario.com\/index.php\/wp-json\/wp\/v2\/media?parent=9203"}],"wp:term":[{"taxonomy":"category","embeddable":true,"href":"https:\/\/www.actualidadadiario.com\/index.php\/wp-json\/wp\/v2\/categories?post=9203"},{"taxonomy":"post_tag","embeddable":true,"href":"https:\/\/www.actualidadadiario.com\/index.php\/wp-json\/wp\/v2\/tags?post=9203"}],"curies":[{"name":"wp","href":"https:\/\/api.w.org\/{rel}","templated":true}]}}