{"id":9200,"date":"2017-03-29T09:24:56","date_gmt":"2017-03-29T12:24:56","guid":{"rendered":"http:\/\/actualidadadiario.com\/site\/?p=9200"},"modified":"2017-03-29T09:24:56","modified_gmt":"2017-03-29T12:24:56","slug":"fallo-de-la-corte-reestablece-limite-de-75-anos","status":"publish","type":"post","link":"https:\/\/www.actualidadadiario.com\/index.php\/2017\/03\/29\/fallo-de-la-corte-reestablece-limite-de-75-anos\/","title":{"rendered":"Fallo de la Corte reestablece l\u00edmite de 75 a\u00f1os"},"content":{"rendered":"<p><em><strong>La Corte Suprema de Justicia mediante un fallo de mayor\u00eda reconoci\u00f3 este martes las facultades de la Convenci\u00f3n Constituyente de 1994 y restableci\u00f3 el l\u00edmite establecido en la carta magna de 75 a\u00f1os para ejercer la funci\u00f3n judicial. Con esta medida, decenas de jueces quedan al borde de la jubilaci\u00f3n si no consiguen una ratificaci\u00f3n del Senado. La jueza federal Mar\u00eda Romilda Servini est\u00e1 entre los que podr\u00edan perder su posici\u00f3n<\/strong><\/em><\/p>\n<p>&nbsp;<\/p>\n<p>&nbsp;<\/p>\n<p>&nbsp;<\/p>\n<p>&nbsp;<\/p>\n<p>Con este pronunciamiento, el m\u00e1ximo tribunal abandon\u00f3 lo decidido en el fallo &#8220;Fayt&#8221; de 1999, cuando con otra composici\u00f3n de jueces hab\u00eda declarado nulo el art\u00edculo 99 inciso 4 de la Constituci\u00f3n, a partir de un reclamo del fallecido magistrado Carlos Fayt.<\/p>\n<p>&nbsp;<\/p>\n<p>Seg\u00fan inform\u00f3 la Corte, la decisi\u00f3n se dio en el marco del an\u00e1lisis de la causa &#8220;Schiffrin Leopoldo H\u00e9ctor c\/ Poder Ejecutivo Nacional&#8221;, en la que se discuti\u00f3 la validez de una cl\u00e1usula de la Constituci\u00f3n incorporada en 1994.<\/p>\n<p>&nbsp;<\/p>\n<p>&#8220;Al revocar la doctrina del caso \u00b4Fayt\u00b4, la decisi\u00f3n de esta Corte en el presente caso \u00b4Schiffrin\u00b4 devuelve la validez a la \u00fanica norma de la Constituci\u00f3n Nacional que fue declarada nula -en toda la historia constitucional de la Argentina- por la Corte Suprema&#8221;, inform\u00f3 el tribunal en un comunicado.<\/p>\n<p>&nbsp;<\/p>\n<p>La Corte Suprema tiene entre sus integrantes a la jueza Elena Highton de Nolasco, que cuenta con un fallo firme de primera instancia a favor para permanecer en el cargo tras cumplir sus 75 a\u00f1os en diciembre pr\u00f3ximo.<\/p>\n","protected":false},"excerpt":{"rendered":"<p>La Corte Suprema de Justicia mediante un fallo de mayor\u00eda reconoci\u00f3 este martes las facultades de la Convenci\u00f3n Constituyente de 1994 y restableci\u00f3 el l\u00edmite establecido en la carta magna de 75 a\u00f1os para ejercer la funci\u00f3n judicial. Con esta medida, decenas de jueces quedan al borde de la jubilaci\u00f3n si no consiguen una ratificaci\u00f3n del Senado. La jueza federal Mar\u00eda Romilda Servini est\u00e1 entre los que podr\u00edan perder su posici\u00f3n &nbsp; &nbsp; &nbsp; &nbsp; Con este pronunciamiento, el m\u00e1ximo tribunal abandon\u00f3 lo decidido en el fallo &#8220;Fayt&#8221; de 1999,&#8230;<\/p>\n","protected":false},"author":3,"featured_media":9201,"comment_status":"closed","ping_status":"closed","sticky":false,"template":"","format":"standard","meta":[],"categories":[18],"tags":[],"_links":{"self":[{"href":"https:\/\/www.actualidadadiario.com\/index.php\/wp-json\/wp\/v2\/posts\/9200"}],"collection":[{"href":"https:\/\/www.actualidadadiario.com\/index.php\/wp-json\/wp\/v2\/posts"}],"about":[{"href":"https:\/\/www.actualidadadiario.com\/index.php\/wp-json\/wp\/v2\/types\/post"}],"author":[{"embeddable":true,"href":"https:\/\/www.actualidadadiario.com\/index.php\/wp-json\/wp\/v2\/users\/3"}],"replies":[{"embeddable":true,"href":"https:\/\/www.actualidadadiario.com\/index.php\/wp-json\/wp\/v2\/comments?post=9200"}],"version-history":[{"count":1,"href":"https:\/\/www.actualidadadiario.com\/index.php\/wp-json\/wp\/v2\/posts\/9200\/revisions"}],"predecessor-version":[{"id":9202,"href":"https:\/\/www.actualidadadiario.com\/index.php\/wp-json\/wp\/v2\/posts\/9200\/revisions\/9202"}],"wp:featuredmedia":[{"embeddable":true,"href":"https:\/\/www.actualidadadiario.com\/index.php\/wp-json\/wp\/v2\/media\/9201"}],"wp:attachment":[{"href":"https:\/\/www.actualidadadiario.com\/index.php\/wp-json\/wp\/v2\/media?parent=9200"}],"wp:term":[{"taxonomy":"category","embeddable":true,"href":"https:\/\/www.actualidadadiario.com\/index.php\/wp-json\/wp\/v2\/categories?post=9200"},{"taxonomy":"post_tag","embeddable":true,"href":"https:\/\/www.actualidadadiario.com\/index.php\/wp-json\/wp\/v2\/tags?post=9200"}],"curies":[{"name":"wp","href":"https:\/\/api.w.org\/{rel}","templated":true}]}}