{"id":92,"date":"2016-08-10T12:47:55","date_gmt":"2016-08-10T15:47:55","guid":{"rendered":"http:\/\/actualidadadiario.com\/site\/?p=92"},"modified":"2016-08-22T10:20:10","modified_gmt":"2016-08-22T13:20:10","slug":"le-negaron-el-arresto-domiciliario-a-miguel-etchecolatz","status":"publish","type":"post","link":"https:\/\/www.actualidadadiario.com\/index.php\/2016\/08\/10\/le-negaron-el-arresto-domiciliario-a-miguel-etchecolatz\/","title":{"rendered":"Le negaron el arresto domiciliario a Miguel Etchecolatz"},"content":{"rendered":"<p><em><strong>El juez federal de La Plata, Enrigue Kreplac le neg\u00f3 el arresto domiciliario al ex director de investigaciones de la bonaerense, que le pesa la condena a cadena perpetua por delitos de lesa humanidad. Pero dispuso que su traslado fuera a un hospital fuera de la c\u00e1rcel debido a su estado de salud<\/strong><\/em><\/p>\n<p>El juez federal Ernesto Kreplak de La Plata, a cargo del juzgado Criminal y Correccional N\u00ba3, le neg\u00f3 continuar con su condena en su casa, ante el pedido de la defensa del ex jefe de investigaciones de la polic\u00eda bonaerense.<\/p>\n<p>Miguel Etchecolatz, condenado a prisi\u00f3n perpetua por cr\u00edmenes de lesa humanidad durante la \u00faltima dictadura c\u00edvico militar, no podr\u00e1 gozar de ese beneficio, pero se dispuso que su traslado sea a un hospital no penitenciario debido al precario estado de salud.<\/p>\n<p>Kreplak manifest\u00f3 que los m\u00e9dicos que en definitiva traten a Miguel Osvaldo Etchecolatz &#8220;se encuentran autorizados a proceder a la alimentaci\u00f3n o medicaci\u00f3n forzada en el supuesto de que, seg\u00fan el recto criterio profesional, existiera grave riesgo para su salud, siempre en la medida necesaria y con extremo respeto por su dignidad humana&#8221;.<\/p>\n<p>Tambi\u00e9n dispuso que el Servicio Penitenciario Federal adopte las medidas de seguridad correspondientes al momento del traslado y durante la internaci\u00f3n m\u00e9dica ordenada, disponiendo la constituci\u00f3n de una consigna fija (las 24 horas) en el hospital donde se aloje al condenado.<\/p>\n","protected":false},"excerpt":{"rendered":"<p>El juez federal de La Plata, Enrigue Kreplac le neg\u00f3 el arresto domiciliario al ex director de investigaciones de la bonaerense, que le pesa la condena a cadena perpetua por delitos de lesa humanidad. Pero dispuso que su traslado fuera a un hospital fuera de la c\u00e1rcel debido a su estado de salud El juez federal Ernesto Kreplak de La Plata, a cargo del juzgado Criminal y Correccional N\u00ba3, le neg\u00f3 continuar con su condena en su casa, ante el pedido de la defensa del ex jefe de investigaciones de&#8230;<\/p>\n","protected":false},"author":2,"featured_media":93,"comment_status":"closed","ping_status":"open","sticky":false,"template":"","format":"standard","meta":[],"categories":[9,2],"tags":[12],"_links":{"self":[{"href":"https:\/\/www.actualidadadiario.com\/index.php\/wp-json\/wp\/v2\/posts\/92"}],"collection":[{"href":"https:\/\/www.actualidadadiario.com\/index.php\/wp-json\/wp\/v2\/posts"}],"about":[{"href":"https:\/\/www.actualidadadiario.com\/index.php\/wp-json\/wp\/v2\/types\/post"}],"author":[{"embeddable":true,"href":"https:\/\/www.actualidadadiario.com\/index.php\/wp-json\/wp\/v2\/users\/2"}],"replies":[{"embeddable":true,"href":"https:\/\/www.actualidadadiario.com\/index.php\/wp-json\/wp\/v2\/comments?post=92"}],"version-history":[{"count":1,"href":"https:\/\/www.actualidadadiario.com\/index.php\/wp-json\/wp\/v2\/posts\/92\/revisions"}],"predecessor-version":[{"id":94,"href":"https:\/\/www.actualidadadiario.com\/index.php\/wp-json\/wp\/v2\/posts\/92\/revisions\/94"}],"wp:featuredmedia":[{"embeddable":true,"href":"https:\/\/www.actualidadadiario.com\/index.php\/wp-json\/wp\/v2\/media\/93"}],"wp:attachment":[{"href":"https:\/\/www.actualidadadiario.com\/index.php\/wp-json\/wp\/v2\/media?parent=92"}],"wp:term":[{"taxonomy":"category","embeddable":true,"href":"https:\/\/www.actualidadadiario.com\/index.php\/wp-json\/wp\/v2\/categories?post=92"},{"taxonomy":"post_tag","embeddable":true,"href":"https:\/\/www.actualidadadiario.com\/index.php\/wp-json\/wp\/v2\/tags?post=92"}],"curies":[{"name":"wp","href":"https:\/\/api.w.org\/{rel}","templated":true}]}}