{"id":9197,"date":"2017-03-29T09:19:52","date_gmt":"2017-03-29T12:19:52","guid":{"rendered":"http:\/\/actualidadadiario.com\/site\/?p=9197"},"modified":"2017-03-29T09:19:52","modified_gmt":"2017-03-29T12:19:52","slug":"a-partir-del-sabado-solo-se-podra-usar-dni-digital","status":"publish","type":"post","link":"https:\/\/www.actualidadadiario.com\/index.php\/2017\/03\/29\/a-partir-del-sabado-solo-se-podra-usar-dni-digital\/","title":{"rendered":"A partir del s\u00e1bado solo se podr\u00e1 usar DNI digital"},"content":{"rendered":"<p><em><strong>Actualmente &#8220;el 97% de la poblaci\u00f3n ya tiene DNI digital&#8221;, pero a\u00fan faltan cerca de 700 mil. Los mayores de 75 a\u00f1os y los incapacitados judicialmente son los \u00fanicos exceptuados de tenerlo<\/strong><\/em><\/p>\n<p>&nbsp;<\/p>\n<p>&nbsp;<\/p>\n<p>&nbsp;<\/p>\n<p>La vida \u00fatil del viejo DNI escrito a mano entr\u00f3 en la cuenta regresiva. Este s\u00e1bado perder\u00e1 toda vigencia, al igual que todos los documentos hechos de pu\u00f1o y letra. A s\u00f3lo tres d\u00edas de que se cumpla el plazo estipulado para renovarlo, a\u00fan hay m\u00e1s de 700 mil personas que no lo hicieron. As\u00ed lo confirmaron fuentes del Registro Nacional de las Personas (RENAPER), que depende del Ministerio del Interior.<\/p>\n<p>&nbsp;<\/p>\n<p>\u00bfQu\u00e9 documentos ser\u00e1n v\u00e1lidos a partir del 1\u00b0 de abril? S\u00f3lo los digitales. &#8220;La forma de darse cuenta es simple: si uno abre el documento y est\u00e1 escrito de pu\u00f1o y letra, hay que cambiarlo&#8221;, cuentan desde el RENAPER.<\/p>\n<p>&nbsp;<\/p>\n<p>En la pr\u00e1ctica, s\u00f3lo seguir\u00e1n teniendo validez el documento tarjeta y aquellas libretas celestes que en su interior tienen los datos digitalizados. Y ya no servir\u00e1n m\u00e1s el DNI libreta celeste que est\u00e1 escritos a mano (es el primero que se emiti\u00f3 con el nuevo sistema), la libreta verde, la libreta de enrolamiento o libreta c\u00edvica. Los \u00fanicos exceptuados ser\u00e1n los mayores de 75 a\u00f1os y los incapacitados judicialmente, que no tienen obligaci\u00f3n de renovar el documento.<\/p>\n<p>&nbsp;<\/p>\n<p>Desde el RENAPER informaron adem\u00e1s que en las \u00faltimas semanas aument\u00f3 la demanda para hacer la renovaci\u00f3n, pero que a\u00fan hay amplia disponibilidad de turnos en los 3.200 puntos del pa\u00eds habilitados para tramitar el DNI. El costo del tr\u00e1mite es de $ 60. En la web del Ministerio del Interior (http:\/\/www.nuevodni.gov.ar\/inicio\/index.php) se pueden consultar los requisitos, pedir turno y tambi\u00e9n averiguar si el documento que uno tiene es v\u00e1lido.<\/p>\n<p>&nbsp;<\/p>\n<p>Actualmente &#8220;el 97% de la poblaci\u00f3n ya tiene DNI digital. Seguimos trabajando para llegar a las personas que a\u00fan no lo pudieron renovar, llevando operativos a todas las provincias&#8221;, dijo el titular del Renaper, Juan Jos\u00e9 D&#8217;Amico y agreg\u00f3 que el objetivo es que &#8220;el total de la poblaci\u00f3n tenga su DNI, ya que es la llave de acceso a los dem\u00e1s derechos&#8221;. De ese 3% de la poblaci\u00f3n que a\u00fan no lo renov\u00f3 (cerca de 1.200.000 personas), se estima que entre 700 mil y 800 mil deber\u00edan hacerlo antes del s\u00e1bado.<\/p>\n<p>&nbsp;<\/p>\n<p>De todas formas, aclararon en RENAPER, quienes deban renovar el documento y no lleguen a hacerlo esta semana podr\u00e1n hacerlo a partir del lunes sin inconvenientes, ya que no se prev\u00e9n multas para quienes lo hagan fuera de plazo.<\/p>\n<p>&nbsp;<\/p>\n<p>En el \u00faltimo a\u00f1o ya se hab\u00eda anunciado en m\u00e1s de una oportunidad que los DNI viejos dejar\u00edan de tener validez. Sin embargo, su caducidad se fue prorrogando para darle m\u00e1s tiempo a aquellas personas que no hab\u00edan renovado su documento pudieran hacerlo.<\/p>\n<p>&nbsp;<\/p>\n<p>En noviembre, en tanto, se dispuso que el DNI tarjeta ser\u00eda el \u00fanico v\u00e1lido para viajar a los pa\u00edses del Mercosur (que no requieren Pasaporte).<\/p>\n","protected":false},"excerpt":{"rendered":"<p>Actualmente &#8220;el 97% de la poblaci\u00f3n ya tiene DNI digital&#8221;, pero a\u00fan faltan cerca de 700 mil. Los mayores de 75 a\u00f1os y los incapacitados judicialmente son los \u00fanicos exceptuados de tenerlo &nbsp; &nbsp; &nbsp; La vida \u00fatil del viejo DNI escrito a mano entr\u00f3 en la cuenta regresiva. Este s\u00e1bado perder\u00e1 toda vigencia, al igual que todos los documentos hechos de pu\u00f1o y letra. A s\u00f3lo tres d\u00edas de que se cumpla el plazo estipulado para renovarlo, a\u00fan hay m\u00e1s de 700 mil personas que no lo hicieron. As\u00ed&#8230;<\/p>\n","protected":false},"author":3,"featured_media":9198,"comment_status":"closed","ping_status":"closed","sticky":false,"template":"","format":"standard","meta":[],"categories":[2],"tags":[],"_links":{"self":[{"href":"https:\/\/www.actualidadadiario.com\/index.php\/wp-json\/wp\/v2\/posts\/9197"}],"collection":[{"href":"https:\/\/www.actualidadadiario.com\/index.php\/wp-json\/wp\/v2\/posts"}],"about":[{"href":"https:\/\/www.actualidadadiario.com\/index.php\/wp-json\/wp\/v2\/types\/post"}],"author":[{"embeddable":true,"href":"https:\/\/www.actualidadadiario.com\/index.php\/wp-json\/wp\/v2\/users\/3"}],"replies":[{"embeddable":true,"href":"https:\/\/www.actualidadadiario.com\/index.php\/wp-json\/wp\/v2\/comments?post=9197"}],"version-history":[{"count":1,"href":"https:\/\/www.actualidadadiario.com\/index.php\/wp-json\/wp\/v2\/posts\/9197\/revisions"}],"predecessor-version":[{"id":9199,"href":"https:\/\/www.actualidadadiario.com\/index.php\/wp-json\/wp\/v2\/posts\/9197\/revisions\/9199"}],"wp:featuredmedia":[{"embeddable":true,"href":"https:\/\/www.actualidadadiario.com\/index.php\/wp-json\/wp\/v2\/media\/9198"}],"wp:attachment":[{"href":"https:\/\/www.actualidadadiario.com\/index.php\/wp-json\/wp\/v2\/media?parent=9197"}],"wp:term":[{"taxonomy":"category","embeddable":true,"href":"https:\/\/www.actualidadadiario.com\/index.php\/wp-json\/wp\/v2\/categories?post=9197"},{"taxonomy":"post_tag","embeddable":true,"href":"https:\/\/www.actualidadadiario.com\/index.php\/wp-json\/wp\/v2\/tags?post=9197"}],"curies":[{"name":"wp","href":"https:\/\/api.w.org\/{rel}","templated":true}]}}