{"id":9191,"date":"2017-03-29T09:18:14","date_gmt":"2017-03-29T12:18:14","guid":{"rendered":"http:\/\/actualidadadiario.com\/site\/?p=9191"},"modified":"2017-03-29T09:18:14","modified_gmt":"2017-03-29T12:18:14","slug":"la-uia-advirtio-que-continua-la-tendencia-negativa-en-la-industria","status":"publish","type":"post","link":"https:\/\/www.actualidadadiario.com\/index.php\/2017\/03\/29\/la-uia-advirtio-que-continua-la-tendencia-negativa-en-la-industria\/","title":{"rendered":"La UIA advirti\u00f3 que contin\u00faa la tendencia negativa en la industria"},"content":{"rendered":"<p><em><strong>El ente gremial empresario le reclam\u00f3 al Gobierno &#8220;confeccionar en conjunto una agenda de pol\u00edtica tributaria y de financiamiento&#8221; para las PYMES<\/strong><\/em><\/p>\n<p>&nbsp;<\/p>\n<p>&nbsp;<\/p>\n<p>&nbsp;<\/p>\n<p>La UIA advirti\u00f3 que &#8220;la actividad industrial continuar\u00e1 con tendencia negativa&#8221;. Le reclam\u00f3 al Gobierno la necesidad de &#8220;confeccionar en conjunto una agenda de pol\u00edtica tributaria y de financiamiento&#8221; para las PYMES del sector.<\/p>\n<p>&nbsp;<\/p>\n<p>En el marco de una reuni\u00f3n de junta directiva, la entidad gremial indic\u00f3 que &#8220;la actividad industrial continuar\u00e1 con tendencia negativa&#8221;. Seg\u00fan un sondeo realizado por la UIA, en enero se registr\u00f3 una baja interanual del 1% y de acuerdo a estimaciones preliminares la ca\u00edda del \u00edndice de febrero ser\u00e1 a\u00fan mayor.<\/p>\n<p>&nbsp;<\/p>\n<p>En medio del encuentro, el Departamento de Energ\u00eda expuso los documentos que la entidad present\u00f3 oportunamente a las autoridades nacionales. &#8220;Los mismos abordan la cuesti\u00f3n energ\u00e9tica en funci\u00f3n del suministro, la generaci\u00f3n y los costos, como as\u00ed tambi\u00e9n los impactos para el sector productivo&#8221;, se\u00f1al\u00f3 el organismo.<\/p>\n<p>&nbsp;<\/p>\n<p>La junta directiva se\u00f1al\u00f3 como &#8220;prioritaria la articulaci\u00f3n de los necesarios consensos en la materia, que es la \u00fanica manera de generar un plan energ\u00e9tico previsible, equilibrado y sustentable tanto para la oferta como para la demanda&#8221;.<\/p>\n<p>&nbsp;<\/p>\n<p>En esa l\u00ednea, la municipalidad de San Mart\u00edn declar\u00f3 el lunes la emergencia PYME para el distrito. Con la suscripci\u00f3n de empresarios y trabajadores se puso en marcha una reducci\u00f3n del 40% de las tasas municipales para empresas que facturen hasta $ 10,3 millones, la creaci\u00f3n de un consejo econ\u00f3mico local y la posibilidad de que las empresas regularicen sus deudas hasta en 48 cuotas.<\/p>\n","protected":false},"excerpt":{"rendered":"<p>El ente gremial empresario le reclam\u00f3 al Gobierno &#8220;confeccionar en conjunto una agenda de pol\u00edtica tributaria y de financiamiento&#8221; para las PYMES &nbsp; &nbsp; &nbsp; La UIA advirti\u00f3 que &#8220;la actividad industrial continuar\u00e1 con tendencia negativa&#8221;. Le reclam\u00f3 al Gobierno la necesidad de &#8220;confeccionar en conjunto una agenda de pol\u00edtica tributaria y de financiamiento&#8221; para las PYMES del sector. &nbsp; En el marco de una reuni\u00f3n de junta directiva, la entidad gremial indic\u00f3 que &#8220;la actividad industrial continuar\u00e1 con tendencia negativa&#8221;. Seg\u00fan un sondeo realizado por la UIA, en enero&#8230;<\/p>\n","protected":false},"author":3,"featured_media":9192,"comment_status":"closed","ping_status":"closed","sticky":false,"template":"","format":"standard","meta":[],"categories":[2],"tags":[],"_links":{"self":[{"href":"https:\/\/www.actualidadadiario.com\/index.php\/wp-json\/wp\/v2\/posts\/9191"}],"collection":[{"href":"https:\/\/www.actualidadadiario.com\/index.php\/wp-json\/wp\/v2\/posts"}],"about":[{"href":"https:\/\/www.actualidadadiario.com\/index.php\/wp-json\/wp\/v2\/types\/post"}],"author":[{"embeddable":true,"href":"https:\/\/www.actualidadadiario.com\/index.php\/wp-json\/wp\/v2\/users\/3"}],"replies":[{"embeddable":true,"href":"https:\/\/www.actualidadadiario.com\/index.php\/wp-json\/wp\/v2\/comments?post=9191"}],"version-history":[{"count":1,"href":"https:\/\/www.actualidadadiario.com\/index.php\/wp-json\/wp\/v2\/posts\/9191\/revisions"}],"predecessor-version":[{"id":9193,"href":"https:\/\/www.actualidadadiario.com\/index.php\/wp-json\/wp\/v2\/posts\/9191\/revisions\/9193"}],"wp:featuredmedia":[{"embeddable":true,"href":"https:\/\/www.actualidadadiario.com\/index.php\/wp-json\/wp\/v2\/media\/9192"}],"wp:attachment":[{"href":"https:\/\/www.actualidadadiario.com\/index.php\/wp-json\/wp\/v2\/media?parent=9191"}],"wp:term":[{"taxonomy":"category","embeddable":true,"href":"https:\/\/www.actualidadadiario.com\/index.php\/wp-json\/wp\/v2\/categories?post=9191"},{"taxonomy":"post_tag","embeddable":true,"href":"https:\/\/www.actualidadadiario.com\/index.php\/wp-json\/wp\/v2\/tags?post=9191"}],"curies":[{"name":"wp","href":"https:\/\/api.w.org\/{rel}","templated":true}]}}