{"id":9188,"date":"2017-03-29T09:17:18","date_gmt":"2017-03-29T12:17:18","guid":{"rendered":"http:\/\/actualidadadiario.com\/site\/?p=9188"},"modified":"2017-03-29T09:17:18","modified_gmt":"2017-03-29T12:17:18","slug":"precios-transparentes-ya-no-debera-informarse-el-costo-financiero-ni-la-tasa","status":"publish","type":"post","link":"https:\/\/www.actualidadadiario.com\/index.php\/2017\/03\/29\/precios-transparentes-ya-no-debera-informarse-el-costo-financiero-ni-la-tasa\/","title":{"rendered":"Precios Transparentes: ya no deber\u00e1 informarse el costo financiero ni la tasa"},"content":{"rendered":"<p><em><strong>A dos meses de su entrada en vigencia, la Secretar\u00eda de Comercio present\u00f3 cambios en la pol\u00edtica de Precios Transparentes a trav\u00e9s de una Resoluci\u00f3n que fue publicada en el Bolet\u00edn Oficial. Entre las modificaciones, los comercios ya no deber\u00e1n informar el costo financiero ni la tasa efectiva anual<\/strong><\/em><\/p>\n<p>&nbsp;<\/p>\n<p>&nbsp;<\/p>\n<p>&nbsp;<\/p>\n<p>&nbsp;<\/p>\n<p>&nbsp;<\/p>\n<p>Seg\u00fan el subsecretario de Comercio Interior, Javier Tizado, la nueva resoluci\u00f3n &#8220;simplifica&#8221; la informaci\u00f3n que debe exhibirse en los comercios, ya que deber\u00e1 indicarse el precio de contado, el anticipo si lo hubiere, y la cantidad y monto de cada una de las cuotas.<\/p>\n<p>&nbsp;<\/p>\n<p>Tizado afirm\u00f3 que los cambios realizados al programa Precios Transparentes significan m\u00e1s opciones para que los consumidores puedan decidir mejor sus compras, y simplifican la operatoria a los comerciantes.<\/p>\n<p>&nbsp;<\/p>\n<p>&#8220;La nueva resoluci\u00f3n simplifica y mejora la pol\u00edtica de Precios Transparentes que busca que los consumidores tengan m\u00e1s informaci\u00f3n y m\u00e1s opciones a la hora de decidir y financiar sus compras&#8221;, se\u00f1al\u00f3 Tizado a trav\u00e9s de un comunicado.<\/p>\n<p>&nbsp;<\/p>\n<p>A dos meses de su entrada en vigencia, la Secretar\u00eda de Comercio present\u00f3 cambios en la pol\u00edtica de Precios Transparentes. De acuerdo con Comercio, &#8220;la nueva resoluci\u00f3n simplifica la informaci\u00f3n que debe exhibirse en los comercios&#8221;, ya que &#8220;deber\u00e1 indicarse el precio de contado, el anticipo si lo hubiere, y la cantidad y monto de cada una de las cuotas&#8221;.<\/p>\n<p>&nbsp;<\/p>\n<p>Desde la Secretar\u00eda destacaron que &#8220;s\u00f3lo para los casos de comercio electr\u00f3nico y de las publicidades en medios masivos, deber\u00e1 agregarse el costo financiero total (CFT) de cada alternativa de financiaci\u00f3n&#8221;. Indicaron que &#8220;en los casos en que los comercios y las entidades financieras absorban totalmente el costo de financiaci\u00f3n podr\u00e1 utilizarse la expresi\u00f3n &#8216;sin inter\u00e9s'&#8221;.<\/p>\n<p>&nbsp;<\/p>\n<p>Asimismo, puntualizaron que &#8220;el primer cambio surge del di\u00e1logo con los comerciantes y los consumidores&#8221;, y subrayaron que &#8220;la nueva disposici\u00f3n simplifica, en especial para los peque\u00f1os comercios, la manera de presentar precios&#8221;.<\/p>\n<p>&nbsp;<\/p>\n<p>&#8220;Ahora, no tendr\u00e1n la obligaci\u00f3n de exhibir el CFT cuando se trate de una compra financiada&#8221;, explicaron en el \u00e1rea que conduce Miguel Braun, al tiempo que precisaron que &#8220;para el caso de las publicidades masivas o comercios on line, se mantiene el requisito&#8221;. Tambi\u00e9n se\u00f1alaron que &#8220;la anterior resoluci\u00f3n permit\u00eda el uso de la expresi\u00f3n &#8216;sin inter\u00e9s&#8217; en el caso de que el banco se hiciera cargo de los costos de financiaci\u00f3n&#8221;.<\/p>\n<p>&nbsp;<\/p>\n<p>&#8220;Ahora, se habilita tambi\u00e9n a que cada comercio decida en funci\u00f3n de su estrategia de comercializaci\u00f3n absorber costos y as\u00ed comunicarlo. As\u00ed, los comercios podr\u00e1n informar &#8216;sin inter\u00e9s&#8217; cuando el costo de financiaci\u00f3n sea asumido por ellos o la entidad financiera&#8221;, remarcaron en Comercio.<\/p>\n","protected":false},"excerpt":{"rendered":"<p>A dos meses de su entrada en vigencia, la Secretar\u00eda de Comercio present\u00f3 cambios en la pol\u00edtica de Precios Transparentes a trav\u00e9s de una Resoluci\u00f3n que fue publicada en el Bolet\u00edn Oficial. Entre las modificaciones, los comercios ya no deber\u00e1n informar el costo financiero ni la tasa efectiva anual &nbsp; &nbsp; &nbsp; &nbsp; &nbsp; Seg\u00fan el subsecretario de Comercio Interior, Javier Tizado, la nueva resoluci\u00f3n &#8220;simplifica&#8221; la informaci\u00f3n que debe exhibirse en los comercios, ya que deber\u00e1 indicarse el precio de contado, el anticipo si lo hubiere, y la cantidad&#8230;<\/p>\n","protected":false},"author":3,"featured_media":9189,"comment_status":"closed","ping_status":"closed","sticky":false,"template":"","format":"standard","meta":[],"categories":[2],"tags":[],"_links":{"self":[{"href":"https:\/\/www.actualidadadiario.com\/index.php\/wp-json\/wp\/v2\/posts\/9188"}],"collection":[{"href":"https:\/\/www.actualidadadiario.com\/index.php\/wp-json\/wp\/v2\/posts"}],"about":[{"href":"https:\/\/www.actualidadadiario.com\/index.php\/wp-json\/wp\/v2\/types\/post"}],"author":[{"embeddable":true,"href":"https:\/\/www.actualidadadiario.com\/index.php\/wp-json\/wp\/v2\/users\/3"}],"replies":[{"embeddable":true,"href":"https:\/\/www.actualidadadiario.com\/index.php\/wp-json\/wp\/v2\/comments?post=9188"}],"version-history":[{"count":1,"href":"https:\/\/www.actualidadadiario.com\/index.php\/wp-json\/wp\/v2\/posts\/9188\/revisions"}],"predecessor-version":[{"id":9190,"href":"https:\/\/www.actualidadadiario.com\/index.php\/wp-json\/wp\/v2\/posts\/9188\/revisions\/9190"}],"wp:featuredmedia":[{"embeddable":true,"href":"https:\/\/www.actualidadadiario.com\/index.php\/wp-json\/wp\/v2\/media\/9189"}],"wp:attachment":[{"href":"https:\/\/www.actualidadadiario.com\/index.php\/wp-json\/wp\/v2\/media?parent=9188"}],"wp:term":[{"taxonomy":"category","embeddable":true,"href":"https:\/\/www.actualidadadiario.com\/index.php\/wp-json\/wp\/v2\/categories?post=9188"},{"taxonomy":"post_tag","embeddable":true,"href":"https:\/\/www.actualidadadiario.com\/index.php\/wp-json\/wp\/v2\/tags?post=9188"}],"curies":[{"name":"wp","href":"https:\/\/api.w.org\/{rel}","templated":true}]}}