{"id":9185,"date":"2017-03-29T09:16:19","date_gmt":"2017-03-29T12:16:19","guid":{"rendered":"http:\/\/actualidadadiario.com\/site\/?p=9185"},"modified":"2017-03-29T09:16:19","modified_gmt":"2017-03-29T12:16:19","slug":"el-consumo-electrico-bajo-mas-de-6-en-febrero","status":"publish","type":"post","link":"https:\/\/www.actualidadadiario.com\/index.php\/2017\/03\/29\/el-consumo-electrico-bajo-mas-de-6-en-febrero\/","title":{"rendered":"El consumo el\u00e9ctrico baj\u00f3 m\u00e1s de 6% en febrero"},"content":{"rendered":"<p><em><strong>Con temperaturas inferiores a las registradas en 2016, la demanda el\u00e9ctrica registr\u00f3 en febrero un descenso del 6,3% en comparaci\u00f3n con el mismo per\u00edodo del 2016, con importantes bajas en varias de las regiones del pa\u00eds, que se sumaron a la ca\u00edda en la Ciudad de Buenos Aires y el conurbano<\/strong><\/em><\/p>\n<p>&nbsp;<\/p>\n<p>&nbsp;<\/p>\n<p>&nbsp;<\/p>\n<p>&nbsp;<\/p>\n<p>&#8220;Los fuertes descensos se evidenciaron tanto en la demanda residencial como tambi\u00e9n en la comercial e industrial&#8221;, indic\u00f3 la fundaci\u00f3n Fundelec.<\/p>\n<p>&nbsp;<\/p>\n<p>No obstante, a pesar de estos datos, en febrero se alcanz\u00f3 una nueva marca hist\u00f3rica para un d\u00eda h\u00e1bil, con un consumo de 25.628 megavatios, el d\u00eda 27, debido fundamentalmente a la elevada temperatura, que super\u00f3 los 40 grados.<\/p>\n<p>&nbsp;<\/p>\n<p>La entidad aclar\u00f3 que febrero de 2016 hab\u00eda representado un r\u00e9cord de consumo para ese mes y se hab\u00eda ubicado en el d\u00e9cimo lugar a nivel hist\u00f3rico.<\/p>\n<p>&nbsp;<\/p>\n<p>En febrero, la demanda neta total del Mercado El\u00e9ctrico Mayorista (MEM) fue de 11.008,4 GWh; mientras que, en el mismo mes de 2016, hab\u00eda sido de 11.750 GWh.<\/p>\n<p>&nbsp;<\/p>\n<p>En febrero, respecto de enero, el consumo experiment\u00f3 una baja del 11,5%, debido a que en ese per\u00edodo tuvo una demanda, en t\u00e9rminos nominales, de 12.442,3 GWh, el m\u00e1ximo r\u00e9cord registrado hasta ahora.<\/p>\n<p>&nbsp;<\/p>\n<p>Seg\u00fan los datos de CAMMESA, se puede discriminar que, del consumo total del mes, 43% (4.692,8 GWh) pertenece a la demanda residencial, mientras que el sector comercial represent\u00f3 30% (3.265,3 GWh) y el industrial 27% (3.050,3 GWh).<\/p>\n<p>&nbsp;<\/p>\n<p>Tambi\u00e9n en comparaci\u00f3n interanual, la demanda residencial baj\u00f3 6,4% mientras que la demanda de los comerciales descendi\u00f3 6,8% mientras que los industriales mostraron un descenso de 5,2%.<\/p>\n<p>&nbsp;<\/p>\n<p>&#8220;Por otro lado, este mes presenta un decrecimiento que retoma la tendencia recesiva de 2016, ya que es el descenso m\u00e1s pronunciado desde octubre del a\u00f1o pasado cuando la ca\u00edda lleg\u00f3 a ser de 7,2%&#8221;, consider\u00f3 Fundelec.<\/p>\n<p>&nbsp;<\/p>\n<p>Sin embargo, el consumo super\u00f3 la barrera de los 11.000 GWh al igual que el a\u00f1o anterior, siendo mayor al promedio de la demanda para febrero en el per\u00edodo 2011-2015.<\/p>\n<p>&nbsp;<\/p>\n<p>En cuanto al consumo por provincia, en febrero, se registraron apenas 5 ascensos en los requerimientos el\u00e9ctricos al MEM en Misiones (15%), Neuqu\u00e9n (9%), La Pampa (5%), Salta (1%), Santa Cruz (1%), entre otros.<\/p>\n<p>&nbsp;<\/p>\n<p>Por su parte, 21 fueron las provincias y empresas que marcaron descensos: Corrientes (13%), Santa Fe (12%), Chubut (11%), Santiago del Estero (10%), San Juan (10%), Entre R\u00edos (10%) y Chaco (9%).<\/p>\n<p>&nbsp;<\/p>\n<p>En lo que respecta al detalle de las distribuidoras de jurisdicci\u00f3n nacional (Capital y GBA), que totalizaron un descenso conjunto de 7,4%, los registros de CAMMESA indican que EDENOR tuvo un decrecimiento de 6,2%, mientras que en EDESUR la demanda al MEM descendi\u00f3 un 8,9%.<\/p>\n<p>&nbsp;<\/p>\n<p>La temperatura media de febrero fue de 25.4 \u00b0C, mientras que en el mismo mes del a\u00f1o anterior fue 26.1 \u00b0C, y la hist\u00f3rica del mes es de 23.5 \u00b0C.<\/p>\n<p>&nbsp;<\/p>\n<p>La generaci\u00f3n local tuvo un decrecimiento de -5.1%, siendo 11.398 GWh para este mes contra 12.014 GWh para el mismo periodo del a\u00f1o anterior.<\/p>\n","protected":false},"excerpt":{"rendered":"<p>Con temperaturas inferiores a las registradas en 2016, la demanda el\u00e9ctrica registr\u00f3 en febrero un descenso del 6,3% en comparaci\u00f3n con el mismo per\u00edodo del 2016, con importantes bajas en varias de las regiones del pa\u00eds, que se sumaron a la ca\u00edda en la Ciudad de Buenos Aires y el conurbano &nbsp; &nbsp; &nbsp; &nbsp; &#8220;Los fuertes descensos se evidenciaron tanto en la demanda residencial como tambi\u00e9n en la comercial e industrial&#8221;, indic\u00f3 la fundaci\u00f3n Fundelec. &nbsp; No obstante, a pesar de estos datos, en febrero se alcanz\u00f3 una nueva&#8230;<\/p>\n","protected":false},"author":3,"featured_media":9186,"comment_status":"closed","ping_status":"closed","sticky":false,"template":"","format":"standard","meta":[],"categories":[2],"tags":[],"_links":{"self":[{"href":"https:\/\/www.actualidadadiario.com\/index.php\/wp-json\/wp\/v2\/posts\/9185"}],"collection":[{"href":"https:\/\/www.actualidadadiario.com\/index.php\/wp-json\/wp\/v2\/posts"}],"about":[{"href":"https:\/\/www.actualidadadiario.com\/index.php\/wp-json\/wp\/v2\/types\/post"}],"author":[{"embeddable":true,"href":"https:\/\/www.actualidadadiario.com\/index.php\/wp-json\/wp\/v2\/users\/3"}],"replies":[{"embeddable":true,"href":"https:\/\/www.actualidadadiario.com\/index.php\/wp-json\/wp\/v2\/comments?post=9185"}],"version-history":[{"count":1,"href":"https:\/\/www.actualidadadiario.com\/index.php\/wp-json\/wp\/v2\/posts\/9185\/revisions"}],"predecessor-version":[{"id":9187,"href":"https:\/\/www.actualidadadiario.com\/index.php\/wp-json\/wp\/v2\/posts\/9185\/revisions\/9187"}],"wp:featuredmedia":[{"embeddable":true,"href":"https:\/\/www.actualidadadiario.com\/index.php\/wp-json\/wp\/v2\/media\/9186"}],"wp:attachment":[{"href":"https:\/\/www.actualidadadiario.com\/index.php\/wp-json\/wp\/v2\/media?parent=9185"}],"wp:term":[{"taxonomy":"category","embeddable":true,"href":"https:\/\/www.actualidadadiario.com\/index.php\/wp-json\/wp\/v2\/categories?post=9185"},{"taxonomy":"post_tag","embeddable":true,"href":"https:\/\/www.actualidadadiario.com\/index.php\/wp-json\/wp\/v2\/tags?post=9185"}],"curies":[{"name":"wp","href":"https:\/\/api.w.org\/{rel}","templated":true}]}}