{"id":9179,"date":"2017-03-29T09:14:27","date_gmt":"2017-03-29T12:14:27","guid":{"rendered":"http:\/\/actualidadadiario.com\/site\/?p=9179"},"modified":"2017-03-29T09:14:27","modified_gmt":"2017-03-29T12:14:27","slug":"la-economia-crecio-un-11-en-enero-primera-suba-en-nueve-meses","status":"publish","type":"post","link":"https:\/\/www.actualidadadiario.com\/index.php\/2017\/03\/29\/la-economia-crecio-un-11-en-enero-primera-suba-en-nueve-meses\/","title":{"rendered":"La econom\u00eda creci\u00f3 un 1,1% en enero (primera suba en nueve meses)"},"content":{"rendered":"<p><em><strong>La econom\u00eda creci\u00f3 en enero 1,1% y mostr\u00f3 su primera suba en nueve meses, seg\u00fan las cifras del Estimador Mensual de Actividad Econ\u00f3mica difundidos este martes por el Instituto Nacional de Estad\u00edsticas y Censos (INDEC)<\/strong><\/em><\/p>\n<p>&nbsp;<\/p>\n<p>&nbsp;<\/p>\n<p>&nbsp;<\/p>\n<p>&nbsp;<\/p>\n<p>Con relaci\u00f3n a diciembre pasado, la producci\u00f3n de bienes y servicios se contrajo 0,5%, de acuerdo con las cifras oficiales.<\/p>\n<p>&nbsp;<\/p>\n<p>En diciembre, la actividad econ\u00f3mica hab\u00eda mostr\u00f3 una merma de 0,1% en comparaci\u00f3n a igual mes del 2015, mientras que contra noviembre se registr\u00f3 un avance de 1,6%. Fuentes del Palacio de Hacienda explicaron a \u00e1mbito.com que con esa variaci\u00f3n intermensual del EMAE se completa un \u00faltimo trimestre en rango positivo (0,9%) &#8220;siendo el primer trimestre positivo tras cuatro con ca\u00edda&#8221;.<\/p>\n<p>&nbsp;<\/p>\n<p>&#8220;La econom\u00eda argentina empez\u00f3 a recuperarse efectivamente en el \u00faltimo trimestre y va a seguir ese camino en 2017&#8221;, cerraron las mismas fuentes.<\/p>\n","protected":false},"excerpt":{"rendered":"<p>La econom\u00eda creci\u00f3 en enero 1,1% y mostr\u00f3 su primera suba en nueve meses, seg\u00fan las cifras del Estimador Mensual de Actividad Econ\u00f3mica difundidos este martes por el Instituto Nacional de Estad\u00edsticas y Censos (INDEC) &nbsp; &nbsp; &nbsp; &nbsp; Con relaci\u00f3n a diciembre pasado, la producci\u00f3n de bienes y servicios se contrajo 0,5%, de acuerdo con las cifras oficiales. &nbsp; En diciembre, la actividad econ\u00f3mica hab\u00eda mostr\u00f3 una merma de 0,1% en comparaci\u00f3n a igual mes del 2015, mientras que contra noviembre se registr\u00f3 un avance de 1,6%. Fuentes del&#8230;<\/p>\n","protected":false},"author":3,"featured_media":9180,"comment_status":"closed","ping_status":"closed","sticky":false,"template":"","format":"standard","meta":[],"categories":[2],"tags":[],"_links":{"self":[{"href":"https:\/\/www.actualidadadiario.com\/index.php\/wp-json\/wp\/v2\/posts\/9179"}],"collection":[{"href":"https:\/\/www.actualidadadiario.com\/index.php\/wp-json\/wp\/v2\/posts"}],"about":[{"href":"https:\/\/www.actualidadadiario.com\/index.php\/wp-json\/wp\/v2\/types\/post"}],"author":[{"embeddable":true,"href":"https:\/\/www.actualidadadiario.com\/index.php\/wp-json\/wp\/v2\/users\/3"}],"replies":[{"embeddable":true,"href":"https:\/\/www.actualidadadiario.com\/index.php\/wp-json\/wp\/v2\/comments?post=9179"}],"version-history":[{"count":1,"href":"https:\/\/www.actualidadadiario.com\/index.php\/wp-json\/wp\/v2\/posts\/9179\/revisions"}],"predecessor-version":[{"id":9181,"href":"https:\/\/www.actualidadadiario.com\/index.php\/wp-json\/wp\/v2\/posts\/9179\/revisions\/9181"}],"wp:featuredmedia":[{"embeddable":true,"href":"https:\/\/www.actualidadadiario.com\/index.php\/wp-json\/wp\/v2\/media\/9180"}],"wp:attachment":[{"href":"https:\/\/www.actualidadadiario.com\/index.php\/wp-json\/wp\/v2\/media?parent=9179"}],"wp:term":[{"taxonomy":"category","embeddable":true,"href":"https:\/\/www.actualidadadiario.com\/index.php\/wp-json\/wp\/v2\/categories?post=9179"},{"taxonomy":"post_tag","embeddable":true,"href":"https:\/\/www.actualidadadiario.com\/index.php\/wp-json\/wp\/v2\/tags?post=9179"}],"curies":[{"name":"wp","href":"https:\/\/api.w.org\/{rel}","templated":true}]}}