{"id":9174,"date":"2017-03-29T09:09:01","date_gmt":"2017-03-29T12:09:01","guid":{"rendered":"http:\/\/actualidadadiario.com\/site\/?p=9174"},"modified":"2017-03-29T09:09:01","modified_gmt":"2017-03-29T12:09:01","slug":"giorgio-asumira-el-3-de-abril-como-vocal-interino","status":"publish","type":"post","link":"https:\/\/www.actualidadadiario.com\/index.php\/2017\/03\/29\/giorgio-asumira-el-3-de-abril-como-vocal-interino\/","title":{"rendered":"Giorgio asumir\u00e1 el 3 de abril como vocal interino"},"content":{"rendered":"<p><em><strong>El Superior Tribunal de Justicia resolvi\u00f3 designar vocal interino de la Sala N\u00ba 1 de Procedimientos Constitucionales y Penal a Miguel \u00c1ngel Giorgio, hasta la aprobaci\u00f3n de su pliego por parte del Senado. Tomar\u00e1 juramento el 3 de abril<\/strong><\/em><\/p>\n<p>&nbsp;<\/p>\n<p>&nbsp;<\/p>\n<p>&nbsp;<\/p>\n<p>&nbsp;<\/p>\n<p>El Superior Tribunal de Justicia, reunido en el Acuerdo General N\u00ba 07\/17 de este martes, resolvi\u00f3 designar vocal interino de la Sala N\u00ba 1 de Procedimientos Constitucionales y Penal del Alto Cuerpo al doctor Miguel \u00c1ngel Giorgio, a partir del 3 de abril, y hasta la cobertura del cargo a trav\u00e9s del mecanismo previsto por la Constituci\u00f3n de Entre R\u00edos.<\/p>\n<p>&nbsp;<\/p>\n<p>La medida se tom\u00f3 ante la necesidad de cubrir la vacante y atento a que Giorgio ha sido propuesto por el Poder Ejecutivo, que remiti\u00f3 el pliego de antecedentes al Senado, de conformidad al mecanismo previsto en los art\u00edculos 103, inc. 2\u00ba), 175, inc. 16\u00ba) de la Constituci\u00f3n de la Provincia de Entre R\u00edos.<\/p>\n<p>&nbsp;<\/p>\n<p>Giorgio se desempe\u00f1a actualmente como vocal titular del Tribunal de Juicios y Apelaciones de Paran\u00e1, y el d\u00eda lunes 3 de abril deber\u00e1 prestar juramento de ley y ser puesto en posesi\u00f3n del cargo de vocal de la Sala N\u00ba 1 del STJ.<\/p>\n","protected":false},"excerpt":{"rendered":"<p>El Superior Tribunal de Justicia resolvi\u00f3 designar vocal interino de la Sala N\u00ba 1 de Procedimientos Constitucionales y Penal a Miguel \u00c1ngel Giorgio, hasta la aprobaci\u00f3n de su pliego por parte del Senado. Tomar\u00e1 juramento el 3 de abril &nbsp; &nbsp; &nbsp; &nbsp; El Superior Tribunal de Justicia, reunido en el Acuerdo General N\u00ba 07\/17 de este martes, resolvi\u00f3 designar vocal interino de la Sala N\u00ba 1 de Procedimientos Constitucionales y Penal del Alto Cuerpo al doctor Miguel \u00c1ngel Giorgio, a partir del 3 de abril, y hasta la cobertura&#8230;<\/p>\n","protected":false},"author":3,"featured_media":8842,"comment_status":"closed","ping_status":"closed","sticky":false,"template":"","format":"standard","meta":[],"categories":[15],"tags":[],"_links":{"self":[{"href":"https:\/\/www.actualidadadiario.com\/index.php\/wp-json\/wp\/v2\/posts\/9174"}],"collection":[{"href":"https:\/\/www.actualidadadiario.com\/index.php\/wp-json\/wp\/v2\/posts"}],"about":[{"href":"https:\/\/www.actualidadadiario.com\/index.php\/wp-json\/wp\/v2\/types\/post"}],"author":[{"embeddable":true,"href":"https:\/\/www.actualidadadiario.com\/index.php\/wp-json\/wp\/v2\/users\/3"}],"replies":[{"embeddable":true,"href":"https:\/\/www.actualidadadiario.com\/index.php\/wp-json\/wp\/v2\/comments?post=9174"}],"version-history":[{"count":1,"href":"https:\/\/www.actualidadadiario.com\/index.php\/wp-json\/wp\/v2\/posts\/9174\/revisions"}],"predecessor-version":[{"id":9175,"href":"https:\/\/www.actualidadadiario.com\/index.php\/wp-json\/wp\/v2\/posts\/9174\/revisions\/9175"}],"wp:featuredmedia":[{"embeddable":true,"href":"https:\/\/www.actualidadadiario.com\/index.php\/wp-json\/wp\/v2\/media\/8842"}],"wp:attachment":[{"href":"https:\/\/www.actualidadadiario.com\/index.php\/wp-json\/wp\/v2\/media?parent=9174"}],"wp:term":[{"taxonomy":"category","embeddable":true,"href":"https:\/\/www.actualidadadiario.com\/index.php\/wp-json\/wp\/v2\/categories?post=9174"},{"taxonomy":"post_tag","embeddable":true,"href":"https:\/\/www.actualidadadiario.com\/index.php\/wp-json\/wp\/v2\/tags?post=9174"}],"curies":[{"name":"wp","href":"https:\/\/api.w.org\/{rel}","templated":true}]}}