{"id":9171,"date":"2017-03-29T09:07:59","date_gmt":"2017-03-29T12:07:59","guid":{"rendered":"http:\/\/actualidadadiario.com\/site\/?p=9171"},"modified":"2017-03-29T09:07:59","modified_gmt":"2017-03-29T12:07:59","slug":"operaron-con-exito-a-nina-entrerriana-que-necesitaba-un-implante-coclear","status":"publish","type":"post","link":"https:\/\/www.actualidadadiario.com\/index.php\/2017\/03\/29\/operaron-con-exito-a-nina-entrerriana-que-necesitaba-un-implante-coclear\/","title":{"rendered":"Operaron con \u00e9xito a ni\u00f1a entrerriana que necesitaba un implante coclear"},"content":{"rendered":"<p><em><strong>Camila ya cuenta con su implante coclear por el que luch\u00f3 su familia, junto a la comunidad de San Salvador. Dentro de un mes se proceder\u00e1 a la colocaci\u00f3n del procesador externo y la activaci\u00f3n del aparato<\/strong><\/em><\/p>\n<p>&nbsp;<\/p>\n<p>&nbsp;<\/p>\n<p>&nbsp;<\/p>\n<p>Operaron con \u00e9xito a Camila, la ni\u00f1a de San Salvador que necesitaba un implante coclear. As\u00ed lo confirm\u00f3 su mam\u00e1, Ivana Aguyaro.<\/p>\n<p>&nbsp;<\/p>\n<p>La chiquita se someti\u00f3 a una cirug\u00eda de tres horas, en la cl\u00ednica del doctor Diamante, en Buenos Aires.<\/p>\n<p>&nbsp;<\/p>\n<p>Aguyaro se\u00f1al\u00f3 que &#8220;la cirug\u00eda estuvo todo muy bien, dentro de todos los par\u00e1metros normales. Dur\u00f3 tres horas. Pude acompa\u00f1arla al quir\u00f3fano, dejarla un poco dormida con una mascarita y luego los m\u00e9dicos hicieron lo que correspond\u00eda, tambi\u00e9n vinieron los del equipo de Tecnosalud, que son los m\u00e9dicos del implante, y ya chequearon que el equipo est\u00e9 funcionando&#8221;, resalt\u00f3.<\/p>\n<p>&nbsp;<\/p>\n<p>En ese marco, dijo que ahora hay que esperar la respuesta con la parte externa, ya que dentro de un mes se proceder\u00e1 a la colocaci\u00f3n del procesador externo y la activaci\u00f3n del aparato.<\/p>\n<p>&nbsp;<\/p>\n<p>La madre de Camila cont\u00f3 que &#8220;estas tres horas fueron muy importantes, estuvimos muy ansiosos como todo pap\u00e1, acompa\u00f1ados de unos amigos de fierro y con la familia desde San Salvador, y de la comunidad porque hemos recibido mucho, mucho, pero mucho apoyo. Todo eso se siente&#8221;, destac\u00f3.<\/p>\n<p>&nbsp;<\/p>\n<p>Aguyaro manifest\u00f3 adem\u00e1s: &#8220;Esperemos la recuperaci\u00f3n. Ella volvi\u00f3 un poco molesta del quir\u00f3fano un poco llorona, con mucha fuerza, est\u00e1 vendada y descansando de nuevo, y en un rato ya podr\u00e1 ingerir alg\u00fan tipo de leche o algo para ir probando a ver c\u00f3mo responde todo lo posterior a la cirug\u00eda&#8221;.<\/p>\n<p>&nbsp;<\/p>\n<p>&#8220;Mil gracias por estar atentos, a la familia, a la comunidad, y a los amigos&#8221;, finaliz\u00f3 en declaraciones a Mercurio Noticias.<\/p>\n","protected":false},"excerpt":{"rendered":"<p>Camila ya cuenta con su implante coclear por el que luch\u00f3 su familia, junto a la comunidad de San Salvador. Dentro de un mes se proceder\u00e1 a la colocaci\u00f3n del procesador externo y la activaci\u00f3n del aparato &nbsp; &nbsp; &nbsp; Operaron con \u00e9xito a Camila, la ni\u00f1a de San Salvador que necesitaba un implante coclear. As\u00ed lo confirm\u00f3 su mam\u00e1, Ivana Aguyaro. &nbsp; La chiquita se someti\u00f3 a una cirug\u00eda de tres horas, en la cl\u00ednica del doctor Diamante, en Buenos Aires. &nbsp; Aguyaro se\u00f1al\u00f3 que &#8220;la cirug\u00eda estuvo todo&#8230;<\/p>\n","protected":false},"author":3,"featured_media":9172,"comment_status":"closed","ping_status":"closed","sticky":false,"template":"","format":"standard","meta":[],"categories":[15],"tags":[],"_links":{"self":[{"href":"https:\/\/www.actualidadadiario.com\/index.php\/wp-json\/wp\/v2\/posts\/9171"}],"collection":[{"href":"https:\/\/www.actualidadadiario.com\/index.php\/wp-json\/wp\/v2\/posts"}],"about":[{"href":"https:\/\/www.actualidadadiario.com\/index.php\/wp-json\/wp\/v2\/types\/post"}],"author":[{"embeddable":true,"href":"https:\/\/www.actualidadadiario.com\/index.php\/wp-json\/wp\/v2\/users\/3"}],"replies":[{"embeddable":true,"href":"https:\/\/www.actualidadadiario.com\/index.php\/wp-json\/wp\/v2\/comments?post=9171"}],"version-history":[{"count":1,"href":"https:\/\/www.actualidadadiario.com\/index.php\/wp-json\/wp\/v2\/posts\/9171\/revisions"}],"predecessor-version":[{"id":9173,"href":"https:\/\/www.actualidadadiario.com\/index.php\/wp-json\/wp\/v2\/posts\/9171\/revisions\/9173"}],"wp:featuredmedia":[{"embeddable":true,"href":"https:\/\/www.actualidadadiario.com\/index.php\/wp-json\/wp\/v2\/media\/9172"}],"wp:attachment":[{"href":"https:\/\/www.actualidadadiario.com\/index.php\/wp-json\/wp\/v2\/media?parent=9171"}],"wp:term":[{"taxonomy":"category","embeddable":true,"href":"https:\/\/www.actualidadadiario.com\/index.php\/wp-json\/wp\/v2\/categories?post=9171"},{"taxonomy":"post_tag","embeddable":true,"href":"https:\/\/www.actualidadadiario.com\/index.php\/wp-json\/wp\/v2\/tags?post=9171"}],"curies":[{"name":"wp","href":"https:\/\/api.w.org\/{rel}","templated":true}]}}