{"id":9168,"date":"2017-03-29T09:06:07","date_gmt":"2017-03-29T12:06:07","guid":{"rendered":"http:\/\/actualidadadiario.com\/site\/?p=9168"},"modified":"2017-03-29T09:06:07","modified_gmt":"2017-03-29T12:06:07","slug":"en-entre-rios-no-hay-cocinas-de-droga-somos-una-provincia-de-paso","status":"publish","type":"post","link":"https:\/\/www.actualidadadiario.com\/index.php\/2017\/03\/29\/en-entre-rios-no-hay-cocinas-de-droga-somos-una-provincia-de-paso\/","title":{"rendered":"&#8220;En Entre R\u00edos no hay cocinas de droga, somos una provincia de paso&#8221;"},"content":{"rendered":"<p><em><strong>Lo dijo la diputada Ayel\u00e9n Acosta en la previa de la jornada de lucha contra el narcotr\u00e1fico. Michetti y Bullrich confirmaron presencia en Paran\u00e1<\/strong><\/em><\/p>\n<p>&nbsp;<\/p>\n<p>&nbsp;<\/p>\n<p>&nbsp;<\/p>\n<p>Paran\u00e1 ser\u00e1 escenario de la primera jornada del Congreso de Lucha contra el Narcotr\u00e1fico y Precursores Qu\u00edmicos de la Regi\u00f3n Centro. Para la cita llegar\u00e1n este viernes a la capital provincial la vicepresidenta de la Naci\u00f3n, Gabriela Michetti, y la ministra de Seguridad, Patricia Bullrich. Si bien se hab\u00eda informado sobre la presencia de la diputada Elisa Carri\u00f3, desde Cambiemos informaron que no vendr\u00e1 &#8220;por problemas de salud&#8221;. El encuentro se realizar\u00e1 en el Hotel Howard Johnson Mayorazgo.<\/p>\n<p>&nbsp;<\/p>\n<p>La propuesta fue realizada durante el a\u00f1o pasado por legisladores provinciales de Cambiemos. La diputada Ayel\u00e9n Acosta, en parte encargada de la organizaci\u00f3n, indic\u00f3 que tambi\u00e9n estar\u00e1n presentes Eugenio Burzaco, secretario de Seguridad de la Naci\u00f3n, Mart\u00edn Verrier, subsecretario de Lucha contra el Narcotr\u00e1fico del Ministerio de Seguridad, y el dirigente de la Uni\u00f3n C\u00edvica Radical -UCR- Gerardo Milman. Tambi\u00e9n se estipula que arribar\u00e1n a Paran\u00e1 los gobernadores de Santa Fe y C\u00f3rdoba, Miguel Lifschitz y Juan Schiaretti.<\/p>\n<p>&nbsp;<\/p>\n<p>Acosta indic\u00f3 que la idea es trabajar en conjunto con ambas provincias para &#8220;atacar todo lo que tiene que ver con la lucha contra el narcotr\u00e1fico y para capacitar desde los distintos sectores&#8221;. En principio, la intenci\u00f3n era que Corrientes tambi\u00e9n integrara el bloque pero esa propuesta no tuvo \u00e9xito. &#8220;En Entre R\u00edos no hay cocinas de droga grandes o importantes pero s\u00ed somos una provincia de paso, a trav\u00e9s del territorio terrestre -rutas-, los r\u00edos y el aire, como ya vimos lo de Puerto Yeru\u00e1&#8221;, expres\u00f3 la diputada en referencia a los 396 kilos de marihuana que fueron arrojados desde una avioneta al norte de Concordia el a\u00f1o pasado.<\/p>\n<p>&nbsp;<\/p>\n<p>Los debates se dar\u00edan durante la ma\u00f1ana y, por la tarde, habr\u00e1 capacitaciones para las distintas fuerzas de seguridad sobre precursores qu\u00edmicos. &#8220;Hay una Ley de Narcomenudeo que tenemos analizar y el Gobierno provincial sostuvo que tiene intenciones de llevarla a cabo este a\u00f1o o el pr\u00f3ximo. Dentro de la jornada se pueden llegar a generar estos debates. Me parece que la soluci\u00f3n no es s\u00f3lo trabajar en el narcotr\u00e1fico sino tambi\u00e9n en la educaci\u00f3n, que es la base&#8221;, coment\u00f3 Acosta.<\/p>\n<p>&nbsp;<\/p>\n<p>Asimismo, afirm\u00f3 que la idea es &#8220;trabajar legislativamente&#8221; con la posible finalidad de generar una nueva ley que sea complementaria a las existentes. Adem\u00e1s, la diputada consider\u00f3 que se debe avanzar &#8220;con la problem\u00e1tica de las adicciones porque la provincia no tiene una pol\u00edtica grande&#8221; y deber\u00eda contar &#8220;con un centro de adicciones como corresponda, para lucha directamente desde la adicci\u00f3n&#8221;.<\/p>\n","protected":false},"excerpt":{"rendered":"<p>Lo dijo la diputada Ayel\u00e9n Acosta en la previa de la jornada de lucha contra el narcotr\u00e1fico. Michetti y Bullrich confirmaron presencia en Paran\u00e1 &nbsp; &nbsp; &nbsp; Paran\u00e1 ser\u00e1 escenario de la primera jornada del Congreso de Lucha contra el Narcotr\u00e1fico y Precursores Qu\u00edmicos de la Regi\u00f3n Centro. Para la cita llegar\u00e1n este viernes a la capital provincial la vicepresidenta de la Naci\u00f3n, Gabriela Michetti, y la ministra de Seguridad, Patricia Bullrich. Si bien se hab\u00eda informado sobre la presencia de la diputada Elisa Carri\u00f3, desde Cambiemos informaron que no&#8230;<\/p>\n","protected":false},"author":3,"featured_media":9169,"comment_status":"closed","ping_status":"closed","sticky":false,"template":"","format":"standard","meta":[],"categories":[15],"tags":[],"_links":{"self":[{"href":"https:\/\/www.actualidadadiario.com\/index.php\/wp-json\/wp\/v2\/posts\/9168"}],"collection":[{"href":"https:\/\/www.actualidadadiario.com\/index.php\/wp-json\/wp\/v2\/posts"}],"about":[{"href":"https:\/\/www.actualidadadiario.com\/index.php\/wp-json\/wp\/v2\/types\/post"}],"author":[{"embeddable":true,"href":"https:\/\/www.actualidadadiario.com\/index.php\/wp-json\/wp\/v2\/users\/3"}],"replies":[{"embeddable":true,"href":"https:\/\/www.actualidadadiario.com\/index.php\/wp-json\/wp\/v2\/comments?post=9168"}],"version-history":[{"count":1,"href":"https:\/\/www.actualidadadiario.com\/index.php\/wp-json\/wp\/v2\/posts\/9168\/revisions"}],"predecessor-version":[{"id":9170,"href":"https:\/\/www.actualidadadiario.com\/index.php\/wp-json\/wp\/v2\/posts\/9168\/revisions\/9170"}],"wp:featuredmedia":[{"embeddable":true,"href":"https:\/\/www.actualidadadiario.com\/index.php\/wp-json\/wp\/v2\/media\/9169"}],"wp:attachment":[{"href":"https:\/\/www.actualidadadiario.com\/index.php\/wp-json\/wp\/v2\/media?parent=9168"}],"wp:term":[{"taxonomy":"category","embeddable":true,"href":"https:\/\/www.actualidadadiario.com\/index.php\/wp-json\/wp\/v2\/categories?post=9168"},{"taxonomy":"post_tag","embeddable":true,"href":"https:\/\/www.actualidadadiario.com\/index.php\/wp-json\/wp\/v2\/tags?post=9168"}],"curies":[{"name":"wp","href":"https:\/\/api.w.org\/{rel}","templated":true}]}}