{"id":9141,"date":"2017-03-28T10:21:17","date_gmt":"2017-03-28T13:21:17","guid":{"rendered":"http:\/\/actualidadadiario.com\/site\/?p=9141"},"modified":"2017-03-28T10:21:17","modified_gmt":"2017-03-28T13:21:17","slug":"macri-visito-la-haya-y-ratifico-el-compromiso-argentino-con-el-tribunal","status":"publish","type":"post","link":"https:\/\/www.actualidadadiario.com\/index.php\/2017\/03\/28\/macri-visito-la-haya-y-ratifico-el-compromiso-argentino-con-el-tribunal\/","title":{"rendered":"Macri visit\u00f3 La Haya y ratific\u00f3 el compromiso argentino con el tribunal"},"content":{"rendered":"<p><em><strong>En su segunda jornada de visita de Estado a los Pa\u00edses Bajos, el presidente Mauricio Macri visit\u00f3 la Corte Penal Internacional (CPI) de La Haya, antes de reunirse con el primer ministro holand\u00e9s, el liberal Mark Rutte. En la primera jornada, el mandatario fue recibido por los reyes Guillermo y M\u00e1xima y mantuvo una reuni\u00f3n con empresarios. M\u00e1s tarde, en la cena de gala, el rey de Holanda elogi\u00f3 al Presidente por llevar al pa\u00eds &#8220;de vuelta al coraz\u00f3n de la comunidad internacional&#8221;<\/strong><\/em><\/p>\n<p>&nbsp;<\/p>\n<p>&nbsp;<\/p>\n<p>&nbsp;<\/p>\n<p>&nbsp;<\/p>\n<p>El mandatario fue recibido por la presidenta del tribunal, la jueza argentina Silvia Fern\u00e1ndez de Gurmendi, con quien posteriormente mantuvo una reuni\u00f3n, de la que particip\u00f3 parte de la delegaci\u00f3n argentina que lo acompa\u00f1a, entre ellos la canciller Susana Malcorra.<\/p>\n<p>&nbsp;<\/p>\n<p>Durante el encuentro, Macri transmiti\u00f3 a Gurmendi &#8220;el compromiso contundente de Argentina frente a la CPI, que tiene como objetivo proteger a las v\u00edctimas de los cr\u00edmenes m\u00e1s graves que preocupan a la comunidad internacional&#8221;. &#8220;Argentina aboga por el fortalecimiento del mandato de la Corte y la universalidad e integridad del Estatuto de Roma&#8221;, a\u00f1adi\u00f3 el Presidente, seg\u00fan un comunicado conjunto.<\/p>\n<p>&nbsp;<\/p>\n<p>Asimismo, el mandatario expres\u00f3 su orgullo ante el hecho de que el primer fiscal de la CPI haya sido el argentino Luis Moreno Ocampo y que ahora la presidenta sea Gurmendi, lo que muestra el fuerte compromiso de los argentinos con la tarea que lleva a cabo desde 2002 el tribunal internacional.<\/p>\n<p>&nbsp;<\/p>\n<p>Por su parte, Gurmendi subray\u00f3 que &#8220;como Corte permanente de \u00faltimo recurso&#8221;, el tribunal que preside &#8220;ejerce un papel clave en los esfuerzos globales en la lucha contra la impunidad de los autores de genocidio, cr\u00edmenes de lesa humanidad y cr\u00edmenes de guerra, as\u00ed como en garantizar justicia a las v\u00edctimas, incluyendo la reparaci\u00f3n del da\u00f1o sufrido&#8221;.<\/p>\n<p>&nbsp;<\/p>\n<p>&#8220;En tiempos en los que la Corte est\u00e1 logrando importantes resultados judiciales, pero tambi\u00e9n enfrentando numerosos retos, el apoyo de Argentina y de todos los Estados Partes resulta de extrema importancia en los esfuerzos continuos de fortalecer la justicia global y el estado de derecho&#8221;, dijo la presidenta del CPI, quien estuvo acompa\u00f1ada por la fiscal del tribunal, Fatou Bensouda, procedente de Gambia, entre otros funcionarios. &#8220;Argentina est\u00e1 comprometida con la promoci\u00f3n del Derecho y la Justicia internacional, en aras de lograr un mundo m\u00e1s pac\u00edfico en el siglo XXI&#8221;, insisti\u00f3 Macri.<\/p>\n<p>&nbsp;<\/p>\n<p>La CPI es el primer tribunal penal internacional permanente establecido en el mundo, y fue creada por el Estatuto de Roma, un tratado ratificado por 124 pa\u00edses, que buscan poner fin a la impunidad de autores de los cr\u00edmenes m\u00e1s graves de trascendencia para la comunidad internacional. Sin embargo, potencias como Estados Unidos, China y Rusia no son parte de esta organizaci\u00f3n internacional independiente, y por lo tanto, no aceptan su jurisdicci\u00f3n.<\/p>\n<p>&nbsp;<\/p>\n<p>La CPI dict\u00f3 su primera sentencia en 2012, cuando conden\u00f3 a 14 a\u00f1os de prisi\u00f3n a Thomas Lubanga, el jefe de un movimiento rebelde de la Rep\u00fablica Democr\u00e1tica del Congo (RDC) -ex Zaire-. Actualmente, la Fiscal\u00eda est\u00e1 investigando situaciones de violaciones de los derechos humanos en Uganda, Rep\u00fablica Democr\u00e1tica del Congo, Darfur (Sud\u00e1n), Libia, Mali y Georgia, entre otras.<\/p>\n<p>&nbsp;<\/p>\n<p>Tras su paso por la CPI, el mandatario y su comitiva acudieron a la sede de la Organizaci\u00f3n para la prohibici\u00f3n de las Armas Qu\u00edmicas (OPAQ), instituci\u00f3n que en 2013 recibi\u00f3 el premio nobel de la paz. All\u00ed, fueron recibidos por el director general de la instituci\u00f3n, Ahmet \u00dcz\u00fcmc\u00fc.<\/p>\n<p>&nbsp;<\/p>\n<p>La agenda de Macri en su segundo y \u00faltimo d\u00eda de visita de Estado a los Pa\u00edses Bajos continuar\u00e1 con reuniones con las autoridades del poder legislativo y el primer ministro holand\u00e9s, el liberal Mark Rutte. Tambi\u00e9n visitar\u00e1 el puerto de Rotterdam, principal puerta de entrada a Europa y uno de los m\u00e1s grandes del mundo.<\/p>\n","protected":false},"excerpt":{"rendered":"<p>En su segunda jornada de visita de Estado a los Pa\u00edses Bajos, el presidente Mauricio Macri visit\u00f3 la Corte Penal Internacional (CPI) de La Haya, antes de reunirse con el primer ministro holand\u00e9s, el liberal Mark Rutte. En la primera jornada, el mandatario fue recibido por los reyes Guillermo y M\u00e1xima y mantuvo una reuni\u00f3n con empresarios. M\u00e1s tarde, en la cena de gala, el rey de Holanda elogi\u00f3 al Presidente por llevar al pa\u00eds &#8220;de vuelta al coraz\u00f3n de la comunidad internacional&#8221; &nbsp; &nbsp; &nbsp; &nbsp; El mandatario fue&#8230;<\/p>\n","protected":false},"author":3,"featured_media":9142,"comment_status":"closed","ping_status":"closed","sticky":false,"template":"","format":"standard","meta":[],"categories":[18],"tags":[],"_links":{"self":[{"href":"https:\/\/www.actualidadadiario.com\/index.php\/wp-json\/wp\/v2\/posts\/9141"}],"collection":[{"href":"https:\/\/www.actualidadadiario.com\/index.php\/wp-json\/wp\/v2\/posts"}],"about":[{"href":"https:\/\/www.actualidadadiario.com\/index.php\/wp-json\/wp\/v2\/types\/post"}],"author":[{"embeddable":true,"href":"https:\/\/www.actualidadadiario.com\/index.php\/wp-json\/wp\/v2\/users\/3"}],"replies":[{"embeddable":true,"href":"https:\/\/www.actualidadadiario.com\/index.php\/wp-json\/wp\/v2\/comments?post=9141"}],"version-history":[{"count":1,"href":"https:\/\/www.actualidadadiario.com\/index.php\/wp-json\/wp\/v2\/posts\/9141\/revisions"}],"predecessor-version":[{"id":9143,"href":"https:\/\/www.actualidadadiario.com\/index.php\/wp-json\/wp\/v2\/posts\/9141\/revisions\/9143"}],"wp:featuredmedia":[{"embeddable":true,"href":"https:\/\/www.actualidadadiario.com\/index.php\/wp-json\/wp\/v2\/media\/9142"}],"wp:attachment":[{"href":"https:\/\/www.actualidadadiario.com\/index.php\/wp-json\/wp\/v2\/media?parent=9141"}],"wp:term":[{"taxonomy":"category","embeddable":true,"href":"https:\/\/www.actualidadadiario.com\/index.php\/wp-json\/wp\/v2\/categories?post=9141"},{"taxonomy":"post_tag","embeddable":true,"href":"https:\/\/www.actualidadadiario.com\/index.php\/wp-json\/wp\/v2\/tags?post=9141"}],"curies":[{"name":"wp","href":"https:\/\/api.w.org\/{rel}","templated":true}]}}