{"id":9135,"date":"2017-03-28T10:19:30","date_gmt":"2017-03-28T13:19:30","guid":{"rendered":"http:\/\/actualidadadiario.com\/site\/?p=9135"},"modified":"2017-03-28T10:19:30","modified_gmt":"2017-03-28T13:19:30","slug":"la-uta-confirmo-que-el-6-de-abril-parara-todo-el-transporte-publico","status":"publish","type":"post","link":"https:\/\/www.actualidadadiario.com\/index.php\/2017\/03\/28\/la-uta-confirmo-que-el-6-de-abril-parara-todo-el-transporte-publico\/","title":{"rendered":"La UTA confirm\u00f3 que el 6 de abril parar\u00e1 todo el transporte p\u00fablico"},"content":{"rendered":"<p><em><strong>Los ch\u00f3feres\u00a0de colectivos nucleados en la Uni\u00f3n Tranviarios Automotor (UTA) confirmaron que adherir\u00e1n al paro de actividades convocado por la CGT<\/strong><\/em><\/p>\n<p>&nbsp;<\/p>\n<p>&nbsp;<\/p>\n<p>&nbsp;<\/p>\n<p>La UTA, sindicato que conduce Roberto Fern\u00e1ndez, emiti\u00f3 un comunicado de prensa por medio del cual confirm\u00f3 su adhesi\u00f3n al paro nacional de actividades convocado por la CGT para el 6 de abril.<\/p>\n<p>&nbsp;<\/p>\n<p>\u201cNosotros notamos que el gobierno tendr\u00e1 que vivir la realidad de la situaci\u00f3n econ\u00f3mica que padecemos los trabajadores&#8221;, dice el comunicado, a la vez que puntualiza que &#8220;no alcanzan los discursos, como tampoco prometer y no poder cumplir&#8221;.<\/p>\n<p>&nbsp;<\/p>\n<p>Asimismo el texto sostiene que &#8220;hace mucho tiempo que los trabajadores estamos relegados, merecemos un proyecto serio que contemple la calidad de vida con justicia social&#8221;, a\u00f1adiendo que &#8220;los capitales tendr\u00e1n que estar al servicio de la econom\u00eda; no, como hace muchos a\u00f1os, la econom\u00eda est\u00e1 al servicio de los capitales, que son los privilegiados y que manejan las variables de la econom\u00eda a su antojo para sus grandes ganancias&#8221;.<\/p>\n<p>&nbsp;<\/p>\n<p>\u201cA nuestro entender el Gobierno tiene que convocar a una mesa de di\u00e1logo y consenso con los sectores del trabajo, partidos pol\u00edticos, empresarios e Iglesia y tomar el compromiso de un proyecto nacional, basado en cinco pol\u00edticas de Estado: seguridad, econom\u00eda, salud, educaci\u00f3n y empleo. Estamos convencidos que ese es el camino para crecer&#8221;, finaliza la declaraci\u00f3n.<\/p>\n","protected":false},"excerpt":{"rendered":"<p>Los ch\u00f3feres\u00a0de colectivos nucleados en la Uni\u00f3n Tranviarios Automotor (UTA) confirmaron que adherir\u00e1n al paro de actividades convocado por la CGT &nbsp; &nbsp; &nbsp; La UTA, sindicato que conduce Roberto Fern\u00e1ndez, emiti\u00f3 un comunicado de prensa por medio del cual confirm\u00f3 su adhesi\u00f3n al paro nacional de actividades convocado por la CGT para el 6 de abril. &nbsp; \u201cNosotros notamos que el gobierno tendr\u00e1 que vivir la realidad de la situaci\u00f3n econ\u00f3mica que padecemos los trabajadores&#8221;, dice el comunicado, a la vez que puntualiza que &#8220;no alcanzan los discursos, como&#8230;<\/p>\n","protected":false},"author":3,"featured_media":9136,"comment_status":"closed","ping_status":"closed","sticky":false,"template":"","format":"standard","meta":[],"categories":[18],"tags":[],"_links":{"self":[{"href":"https:\/\/www.actualidadadiario.com\/index.php\/wp-json\/wp\/v2\/posts\/9135"}],"collection":[{"href":"https:\/\/www.actualidadadiario.com\/index.php\/wp-json\/wp\/v2\/posts"}],"about":[{"href":"https:\/\/www.actualidadadiario.com\/index.php\/wp-json\/wp\/v2\/types\/post"}],"author":[{"embeddable":true,"href":"https:\/\/www.actualidadadiario.com\/index.php\/wp-json\/wp\/v2\/users\/3"}],"replies":[{"embeddable":true,"href":"https:\/\/www.actualidadadiario.com\/index.php\/wp-json\/wp\/v2\/comments?post=9135"}],"version-history":[{"count":1,"href":"https:\/\/www.actualidadadiario.com\/index.php\/wp-json\/wp\/v2\/posts\/9135\/revisions"}],"predecessor-version":[{"id":9137,"href":"https:\/\/www.actualidadadiario.com\/index.php\/wp-json\/wp\/v2\/posts\/9135\/revisions\/9137"}],"wp:featuredmedia":[{"embeddable":true,"href":"https:\/\/www.actualidadadiario.com\/index.php\/wp-json\/wp\/v2\/media\/9136"}],"wp:attachment":[{"href":"https:\/\/www.actualidadadiario.com\/index.php\/wp-json\/wp\/v2\/media?parent=9135"}],"wp:term":[{"taxonomy":"category","embeddable":true,"href":"https:\/\/www.actualidadadiario.com\/index.php\/wp-json\/wp\/v2\/categories?post=9135"},{"taxonomy":"post_tag","embeddable":true,"href":"https:\/\/www.actualidadadiario.com\/index.php\/wp-json\/wp\/v2\/tags?post=9135"}],"curies":[{"name":"wp","href":"https:\/\/api.w.org\/{rel}","templated":true}]}}