{"id":9132,"date":"2017-03-28T10:18:31","date_gmt":"2017-03-28T13:18:31","guid":{"rendered":"http:\/\/actualidadadiario.com\/site\/?p=9132"},"modified":"2017-03-28T10:18:31","modified_gmt":"2017-03-28T13:18:31","slug":"docentes-evaluan-recurrir-a-la-justicia-si-el-gobierno-no-convoca-a-una-paritaria-nacional","status":"publish","type":"post","link":"https:\/\/www.actualidadadiario.com\/index.php\/2017\/03\/28\/docentes-evaluan-recurrir-a-la-justicia-si-el-gobierno-no-convoca-a-una-paritaria-nacional\/","title":{"rendered":"Docentes eval\u00faan recurrir a la Justicia si el Gobierno no convoca a una paritaria nacional"},"content":{"rendered":"<p><em><strong>El conflicto nacional docente sum\u00f3 un nuevo cap\u00edtulo a una saga que parece estar lejos de concluir. Este lunes, el titular de UTE &#8211; CTERA, Eduardo L\u00f3pez, asegur\u00f3 que &#8220;no descartamos recurrir a la Justicia si el Gobierno no convoca a la paritaria nacional&#8221;<\/strong><\/em><\/p>\n<p>&nbsp;<\/p>\n<p>&nbsp;<\/p>\n<p>&nbsp;<\/p>\n<p>&nbsp;<\/p>\n<p>El dirigente gremial indic\u00f3 a este medio que &#8220;hay jurisdicciones que est\u00e1n cerrando acuerdos, pero son inferiores a los que pretendemos&#8221;. En ese contexto, L\u00f3pez destac\u00f3 que en las provincias &#8220;hay mesas de di\u00e1logos, pero a nivel nacional hay incumplimiento de leyes&#8221;.<\/p>\n<p>&nbsp;<\/p>\n<p>Sin embargo, el sindicalista consider\u00f3 que una presentaci\u00f3n judicial no es el \u00fanico camino ante la negativa del Gobierno de abrir las paritarias: &#8220;Tenemos otras t\u00e1cticas porque el devenir de las Justicia es bastante aleatorio&#8221;.<\/p>\n<p>&nbsp;<\/p>\n<p>Por otra parte, L\u00f3pez neg\u00f3 ante este medio que se hayan producido contactos oficiales tras la marcha federal educativa. &#8220;El ministro de Educaci\u00f3n Esteban Bullrich brilla por su ausencia&#8221;, sentenci\u00f3. Sin embargo, el sindicalista dej\u00f3 la puerta abierta para una posible negociaci\u00f3n: &#8220;Si ma\u00f1ana nos llaman, vamos. Quiz\u00e1s nos ofrecen una propuesta que no nos gusta, pero ni propuesta hay&#8221;.<\/p>\n<p>&nbsp;<\/p>\n<p>L\u00f3pez particip\u00f3 en el Congreso de una presentaci\u00f3n donde diputados se comprometieron a pedir al Gobierno la apertura de la paritaria nacional docente, el aumento del presupuesto educativo y la continuidad a programas de formaci\u00f3n docentes, entre otros ocho puntos.<\/p>\n<p>&nbsp;<\/p>\n<p>En un documento suscripto por Proyecto Sur, Movimiento Evita, Frente Renovador, Partido Socialista y el Frente para la Victoria, los legisladores prometieron impulsar una sesi\u00f3n especial para reclamar al Gobierno que se convoque a discutir salarios en una paritaria nacional.<\/p>\n<p>&nbsp;<\/p>\n<p>El anuncio se realiz\u00f3 durante una conferencia de prensa organizada por la diputada de Proyecto Sur, Alcira Argumedo, quien calific\u00f3 la situaci\u00f3n de los docentes como &#8220;cr\u00edtica&#8221; y exigi\u00f3 al Gobierno que &#8220;cumpla con la ley&#8221;. El encuentro tambi\u00e9n cont\u00f3 con la participaci\u00f3n de los diputados Diana Conti y Edgardo Depetri (Frente para la Victoria), Araceli Ferreyra (Movimiento Evita) y el exlegislador Claudio Lozano.<\/p>\n<p>&nbsp;<\/p>\n<p>En la presentaci\u00f3n del documento, Depetri coment\u00f3 que la C\u00e1mara Baja convocar\u00e1 a una sesi\u00f3n especial para &#8220;reclamar al Gobierno que cumpla con la ley y convoca a una paritaria nacional docente&#8221;.<\/p>\n<p>&nbsp;<\/p>\n<p>Adem\u00e1s de los legisladores presentes en el acto, firman el apoyo a los docentes Teresa Garc\u00eda (FpV); Federico Masso y Victoria Donda (Libres del Sur); Facundo Moyano (Frente Renovador); Leonardo Grosso, Silvia Horne y Lucila de Ponti (Movimiento Evita) y Gabriela Troiano (Partido Socialista).<\/p>\n<p>Por lo pronto, todav\u00eda hay catorce provincias donde no se acordaron aumentos para los docentes y los avances de las negociaciones est\u00e1n atados a una posible definici\u00f3n desde la Casa Rosada.<\/p>\n","protected":false},"excerpt":{"rendered":"<p>El conflicto nacional docente sum\u00f3 un nuevo cap\u00edtulo a una saga que parece estar lejos de concluir. Este lunes, el titular de UTE &#8211; CTERA, Eduardo L\u00f3pez, asegur\u00f3 que &#8220;no descartamos recurrir a la Justicia si el Gobierno no convoca a la paritaria nacional&#8221; &nbsp; &nbsp; &nbsp; &nbsp; El dirigente gremial indic\u00f3 a este medio que &#8220;hay jurisdicciones que est\u00e1n cerrando acuerdos, pero son inferiores a los que pretendemos&#8221;. En ese contexto, L\u00f3pez destac\u00f3 que en las provincias &#8220;hay mesas de di\u00e1logos, pero a nivel nacional hay incumplimiento de leyes&#8221;&#8230;.<\/p>\n","protected":false},"author":3,"featured_media":9133,"comment_status":"closed","ping_status":"closed","sticky":false,"template":"","format":"standard","meta":[],"categories":[18],"tags":[],"_links":{"self":[{"href":"https:\/\/www.actualidadadiario.com\/index.php\/wp-json\/wp\/v2\/posts\/9132"}],"collection":[{"href":"https:\/\/www.actualidadadiario.com\/index.php\/wp-json\/wp\/v2\/posts"}],"about":[{"href":"https:\/\/www.actualidadadiario.com\/index.php\/wp-json\/wp\/v2\/types\/post"}],"author":[{"embeddable":true,"href":"https:\/\/www.actualidadadiario.com\/index.php\/wp-json\/wp\/v2\/users\/3"}],"replies":[{"embeddable":true,"href":"https:\/\/www.actualidadadiario.com\/index.php\/wp-json\/wp\/v2\/comments?post=9132"}],"version-history":[{"count":1,"href":"https:\/\/www.actualidadadiario.com\/index.php\/wp-json\/wp\/v2\/posts\/9132\/revisions"}],"predecessor-version":[{"id":9134,"href":"https:\/\/www.actualidadadiario.com\/index.php\/wp-json\/wp\/v2\/posts\/9132\/revisions\/9134"}],"wp:featuredmedia":[{"embeddable":true,"href":"https:\/\/www.actualidadadiario.com\/index.php\/wp-json\/wp\/v2\/media\/9133"}],"wp:attachment":[{"href":"https:\/\/www.actualidadadiario.com\/index.php\/wp-json\/wp\/v2\/media?parent=9132"}],"wp:term":[{"taxonomy":"category","embeddable":true,"href":"https:\/\/www.actualidadadiario.com\/index.php\/wp-json\/wp\/v2\/categories?post=9132"},{"taxonomy":"post_tag","embeddable":true,"href":"https:\/\/www.actualidadadiario.com\/index.php\/wp-json\/wp\/v2\/tags?post=9132"}],"curies":[{"name":"wp","href":"https:\/\/api.w.org\/{rel}","templated":true}]}}