{"id":9126,"date":"2017-03-28T10:16:39","date_gmt":"2017-03-28T13:16:39","guid":{"rendered":"http:\/\/actualidadadiario.com\/site\/?p=9126"},"modified":"2017-03-28T10:16:39","modified_gmt":"2017-03-28T13:16:39","slug":"cgt-y-cta-llamaron-a-la-unidad-sindical-y-lanzaron-criticas-al-gobierno","status":"publish","type":"post","link":"https:\/\/www.actualidadadiario.com\/index.php\/2017\/03\/28\/cgt-y-cta-llamaron-a-la-unidad-sindical-y-lanzaron-criticas-al-gobierno\/","title":{"rendered":"CGT y CTA llamaron a la unidad sindical y lanzaron cr\u00edticas al Gobierno"},"content":{"rendered":"<p><em><strong>Dirigentes gremiales de la CGT y de la CTA Aut\u00f3noma expusieron en la Legislatura porte\u00f1a sus cr\u00edticas al Gobierno, en un acto organizado por el l\u00edder de Bien Com\u00fan, Gustavo Vera. Adem\u00e1s hicieron un llamado a la unidad sindical<\/strong><\/em><\/p>\n<p>&nbsp;<\/p>\n<p>&nbsp;<\/p>\n<p>&nbsp;<\/p>\n<p>&nbsp;<\/p>\n<p>Del encuentro participaron Sergio Palazzo, secretario general de la Asociaci\u00f3n Bancaria y de la Corriente Federal de los Trabajadores (CFT); Pablo Moyano, secretario general adjunto de Camioneros y miembro del concejo directivo de la CGT, y Pablo Michetti, secretario general de la CTA.<\/p>\n<p>&nbsp;<\/p>\n<p>&#8220;Es sistem\u00e1tico que cada Gobierno que asume ataca al movimiento obrero, tratando de bajar o modificar los convenios&#8221;, expres\u00f3 Moyano en el sal\u00f3n Juan Domingo Per\u00f3n de la Legislatura de la Ciudad de Buenos Aires.<\/p>\n<p>&nbsp;<\/p>\n<p>El l\u00edder de Camioneros asegur\u00f3 que el actual mandatario nacional &#8220;desprecia a los trabajadores y ama a los empresarios&#8221; y tambi\u00e9n pidi\u00f3 por un &#8220;no al techo salarial, no a los despidos y que se baje la inflaci\u00f3n&#8221;.<\/p>\n<p>&nbsp;<\/p>\n<p>Por su parte, Palazzo resalt\u00f3 &#8220;la p\u00e9rdida de puestos de trabajo y del poder adquisitivo del salario como condicionante de lo que ellos denominaron el mercado laboral&#8221;, pero aclar\u00f3 que &#8220;hay otras aristas en la p\u00e9rdida de puestos de trabajo que se ve en la Argentina&#8221;.<\/p>\n<p>&nbsp;<\/p>\n<p>&#8220;Hoy hay un reconocimiento oficial de casi 200 mil empleos formales que se perdieron en el primer a\u00f1o de gesti\u00f3n de este Gobierno. Esto implica entre dos y tres puestos informales de la econom\u00eda informal que se pierden&#8221;, asegur\u00f3 el gremialista.<\/p>\n<p>&nbsp;<\/p>\n<p>Palazzo garantiz\u00f3 que no buscan &#8220;desestabilizar al Gobierno&#8221; sino &#8220;tener un plan contundente de acci\u00f3n&#8221; y sostuvo que &#8220;la gobernabilidad la tiene que garantizar el Gobierno de turno&#8221;.<\/p>\n<p>&nbsp;<\/p>\n<p>Fue Micheli quien cerr\u00f3 la exposici\u00f3n opinando que &#8220;se deben cambiar las cosas de ra\u00edz&#8221; y subray\u00f3: &#8220;Los trabajadores no queremos ser furg\u00f3n de cola, sino cabeza de una transformaci\u00f3n&#8221;.<\/p>\n<p>&nbsp;<\/p>\n<p>Micheli, se refiri\u00f3 a la &#8220;unidad&#8221; de las centrales sindicales e hizo hincapi\u00e9 en que &#8220;esto no se construye creyendo que todos pensamos igual. La diversidad es muy importante, pero lo m\u00e1s importante no es que todos estemos en una misma central sindical sino los objetivos que perseguimos y cu\u00e1l es el modelo de pa\u00eds que buscamos. Puede haber detalles, pero tenemos muchas coincidencias todos los sectores&#8221;.<\/p>\n<p>&nbsp;<\/p>\n<p>El l\u00edder de la CTA reclam\u00f3 entonces que &#8220;se reflote la ley antidespidos&#8221;, que &#8220;se resuelva la paritaria nacional docente y que se termine la persecuci\u00f3n contra ellos&#8221;.<\/p>\n<p>&nbsp;<\/p>\n<p>&#8220;Las tres centrales iremos a Ginebra a la asamblea anual, que se har\u00e1 en junio, a denunciar al ministro de Trabajo (Jorge Triaca) por persecuci\u00f3n gremial, por fomentar la explotaci\u00f3n de los trabajadores, por la precariedad laboral y la pol\u00edtica anticonvenio colectivo&#8221;, advirti\u00f3.<\/p>\n","protected":false},"excerpt":{"rendered":"<p>Dirigentes gremiales de la CGT y de la CTA Aut\u00f3noma expusieron en la Legislatura porte\u00f1a sus cr\u00edticas al Gobierno, en un acto organizado por el l\u00edder de Bien Com\u00fan, Gustavo Vera. Adem\u00e1s hicieron un llamado a la unidad sindical &nbsp; &nbsp; &nbsp; &nbsp; Del encuentro participaron Sergio Palazzo, secretario general de la Asociaci\u00f3n Bancaria y de la Corriente Federal de los Trabajadores (CFT); Pablo Moyano, secretario general adjunto de Camioneros y miembro del concejo directivo de la CGT, y Pablo Michetti, secretario general de la CTA. &nbsp; &#8220;Es sistem\u00e1tico que&#8230;<\/p>\n","protected":false},"author":3,"featured_media":9127,"comment_status":"closed","ping_status":"closed","sticky":false,"template":"","format":"standard","meta":[],"categories":[18],"tags":[],"_links":{"self":[{"href":"https:\/\/www.actualidadadiario.com\/index.php\/wp-json\/wp\/v2\/posts\/9126"}],"collection":[{"href":"https:\/\/www.actualidadadiario.com\/index.php\/wp-json\/wp\/v2\/posts"}],"about":[{"href":"https:\/\/www.actualidadadiario.com\/index.php\/wp-json\/wp\/v2\/types\/post"}],"author":[{"embeddable":true,"href":"https:\/\/www.actualidadadiario.com\/index.php\/wp-json\/wp\/v2\/users\/3"}],"replies":[{"embeddable":true,"href":"https:\/\/www.actualidadadiario.com\/index.php\/wp-json\/wp\/v2\/comments?post=9126"}],"version-history":[{"count":1,"href":"https:\/\/www.actualidadadiario.com\/index.php\/wp-json\/wp\/v2\/posts\/9126\/revisions"}],"predecessor-version":[{"id":9128,"href":"https:\/\/www.actualidadadiario.com\/index.php\/wp-json\/wp\/v2\/posts\/9126\/revisions\/9128"}],"wp:featuredmedia":[{"embeddable":true,"href":"https:\/\/www.actualidadadiario.com\/index.php\/wp-json\/wp\/v2\/media\/9127"}],"wp:attachment":[{"href":"https:\/\/www.actualidadadiario.com\/index.php\/wp-json\/wp\/v2\/media?parent=9126"}],"wp:term":[{"taxonomy":"category","embeddable":true,"href":"https:\/\/www.actualidadadiario.com\/index.php\/wp-json\/wp\/v2\/categories?post=9126"},{"taxonomy":"post_tag","embeddable":true,"href":"https:\/\/www.actualidadadiario.com\/index.php\/wp-json\/wp\/v2\/tags?post=9126"}],"curies":[{"name":"wp","href":"https:\/\/api.w.org\/{rel}","templated":true}]}}