{"id":9123,"date":"2017-03-28T10:15:39","date_gmt":"2017-03-28T13:15:39","guid":{"rendered":"http:\/\/actualidadadiario.com\/site\/?p=9123"},"modified":"2017-03-28T10:15:39","modified_gmt":"2017-03-28T13:15:39","slug":"das-neves-dijo-que-aranguren-deberia-dar-un-paso-al-costado","status":"publish","type":"post","link":"https:\/\/www.actualidadadiario.com\/index.php\/2017\/03\/28\/das-neves-dijo-que-aranguren-deberia-dar-un-paso-al-costado\/","title":{"rendered":"Das Neves dijo que Aranguren deber\u00eda &#8220;dar un paso al costado&#8221;"},"content":{"rendered":"<p><em><strong>El gobernador del Chubut, Mario Das Neves, lanz\u00f3 fuertes cr\u00edticas contra el ministro de Energ\u00eda, Juan Jos\u00e9 Aranguren, a quien calific\u00f3 como &#8220;impresentable&#8221; y adem\u00e1s explic\u00f3 que &#8220;tendr\u00eda que dar un paso al costado porque aparte tiene intereses creados con la firma Shell en Vaca Muerta, en perjuicio de todas las empresas productoras de petr\u00f3leo&#8221;<\/strong><\/em><\/p>\n<p>&nbsp;<\/p>\n<p>&nbsp;<\/p>\n<p>&nbsp;<\/p>\n<p>&nbsp;<\/p>\n<p>En una recorrida por el interior de la provincia, el mandatario adelant\u00f3 que enviar\u00e1 una carta al presidente Mauricio Macri para detallarle &#8220;los inconvenientes con el trabajo en distintos lugares de la provincia&#8221; y en ese contexto se refiri\u00f3 a los problemas que afectan a la industria petrolera provincial y a los sectores textil y portuario por los reembolsos patag\u00f3nicos.<\/p>\n<p>&nbsp;<\/p>\n<p>&#8220;No voy a permitir que se pierda un solo puesto de trabajo&#8221;, lanz\u00f3 Das Neves al tiempo que asegur\u00f3 que su labor es en defensa de &#8220;los intereses de todos los chubutenses&#8221;. &#8220;Yo las cosas las digo de frente, la gente me conoce muy bien, las cosas que est\u00e1n bien las voy a aplaudir y las que est\u00e1n mal no las voy a aplaudir&#8221;, dijo contundente.<\/p>\n<p>&nbsp;<\/p>\n<p>Tras las cr\u00edticas al ministro explic\u00f3 que durante la jornada enviar\u00e1 una carta a Macri sobre la situaci\u00f3n de la provincia. &#8220;No es l\u00f3gico que una provincia como Chubut, una Cuenca como la del Golfo San Jorge que le ha dado todo al pa\u00eds y que ha posibilitado que miles de trabajadores puedan construir su sue\u00f1o, hoy est\u00e9 relegada porque el impresentable del ministro Aranguren&#8221;, expres\u00f3 y lanz\u00f3: &#8220;Nos desconsidera y considera como \u00fanica provincia patag\u00f3nica a Neuqu\u00e9n&#8221;.<\/p>\n<p>&nbsp;<\/p>\n<p>Adem\u00e1s el gobernador indic\u00f3 que &#8220;tambi\u00e9n tenemos problemas con los textiles y tenemos problemas en que pongan lo que hay que poner para que nos devuelvan los reembolsos (por puertos patag\u00f3nicos) porque los que producen y exportan de los puertos patag\u00f3nicos es gente nuestra&#8221;.<\/p>\n<p>&nbsp;<\/p>\n<p>Tambi\u00e9n recalc\u00f3 que &#8220;es necesario trabajar por la integraci\u00f3n, y esto lo vengo discutiendo todo el a\u00f1o pasado con el propio presidente Macri y los ministros, por eso el Programa Patagonia, porque parece que el pa\u00eds termina en Capital, en Rosario, C\u00f3rdoba y Salta, algo de Cuyo, el NEA, el NOA y la Patagonia no existe&#8221;.<\/p>\n<p>&nbsp;<\/p>\n<p>Y continu\u00f3: &#8220;Todav\u00eda hay algunos imb\u00e9ciles que creen que todos vivimos panza arriba del petr\u00f3leo. No saben el sacrificio de cientos y cientos de chubutenses que dieron la vida tratando de tener una mejor calidad de vida, de que sus hijos no se vayan para que haya educaci\u00f3n en su pueblo, la salud, los caminos, y ese es nuestro destino&#8221; afirm\u00f3 y por eso reiter\u00f3: &#8220;ni un paso atr\u00e1s&#8221;.<\/p>\n<p>&nbsp;<\/p>\n<p>Contra Aranguren lo tild\u00f3 de &#8220;impresentable&#8221; y explic\u00f3 &#8220;se lo voy a decir de nuevo el mi\u00e9rcoles. Tendr\u00eda que dar un paso al costado, porque aparte tiene intereses creados con la firma Shell en Vaca Muerta, en perjuicio de todas las empresas productoras de petr\u00f3leo&#8221;. &#8220;Esta discusi\u00f3n la voy a dar, salga lo que salga, porque s\u00e9 que es lo m\u00ednimo que uno puede hacer, pero lo tenemos que hacer entre todos&#8221;, concluy\u00f3.<\/p>\n","protected":false},"excerpt":{"rendered":"<p>El gobernador del Chubut, Mario Das Neves, lanz\u00f3 fuertes cr\u00edticas contra el ministro de Energ\u00eda, Juan Jos\u00e9 Aranguren, a quien calific\u00f3 como &#8220;impresentable&#8221; y adem\u00e1s explic\u00f3 que &#8220;tendr\u00eda que dar un paso al costado porque aparte tiene intereses creados con la firma Shell en Vaca Muerta, en perjuicio de todas las empresas productoras de petr\u00f3leo&#8221; &nbsp; &nbsp; &nbsp; &nbsp; En una recorrida por el interior de la provincia, el mandatario adelant\u00f3 que enviar\u00e1 una carta al presidente Mauricio Macri para detallarle &#8220;los inconvenientes con el trabajo en distintos lugares de&#8230;<\/p>\n","protected":false},"author":3,"featured_media":9124,"comment_status":"closed","ping_status":"closed","sticky":false,"template":"","format":"standard","meta":[],"categories":[9],"tags":[],"_links":{"self":[{"href":"https:\/\/www.actualidadadiario.com\/index.php\/wp-json\/wp\/v2\/posts\/9123"}],"collection":[{"href":"https:\/\/www.actualidadadiario.com\/index.php\/wp-json\/wp\/v2\/posts"}],"about":[{"href":"https:\/\/www.actualidadadiario.com\/index.php\/wp-json\/wp\/v2\/types\/post"}],"author":[{"embeddable":true,"href":"https:\/\/www.actualidadadiario.com\/index.php\/wp-json\/wp\/v2\/users\/3"}],"replies":[{"embeddable":true,"href":"https:\/\/www.actualidadadiario.com\/index.php\/wp-json\/wp\/v2\/comments?post=9123"}],"version-history":[{"count":1,"href":"https:\/\/www.actualidadadiario.com\/index.php\/wp-json\/wp\/v2\/posts\/9123\/revisions"}],"predecessor-version":[{"id":9125,"href":"https:\/\/www.actualidadadiario.com\/index.php\/wp-json\/wp\/v2\/posts\/9123\/revisions\/9125"}],"wp:featuredmedia":[{"embeddable":true,"href":"https:\/\/www.actualidadadiario.com\/index.php\/wp-json\/wp\/v2\/media\/9124"}],"wp:attachment":[{"href":"https:\/\/www.actualidadadiario.com\/index.php\/wp-json\/wp\/v2\/media?parent=9123"}],"wp:term":[{"taxonomy":"category","embeddable":true,"href":"https:\/\/www.actualidadadiario.com\/index.php\/wp-json\/wp\/v2\/categories?post=9123"},{"taxonomy":"post_tag","embeddable":true,"href":"https:\/\/www.actualidadadiario.com\/index.php\/wp-json\/wp\/v2\/tags?post=9123"}],"curies":[{"name":"wp","href":"https:\/\/api.w.org\/{rel}","templated":true}]}}