{"id":9117,"date":"2017-03-28T10:13:55","date_gmt":"2017-03-28T13:13:55","guid":{"rendered":"http:\/\/actualidadadiario.com\/site\/?p=9117"},"modified":"2017-03-28T10:13:55","modified_gmt":"2017-03-28T13:13:55","slug":"desechan-310-000-toneladas-de-peras-y-productores-pierden-us-240-millones","status":"publish","type":"post","link":"https:\/\/www.actualidadadiario.com\/index.php\/2017\/03\/28\/desechan-310-000-toneladas-de-peras-y-productores-pierden-us-240-millones\/","title":{"rendered":"Desechan 310.000 toneladas de peras y productores pierden u$s 240 millones"},"content":{"rendered":"<p><em><strong>Hay 310 millones de kilos de peras tirados a la basura representan p\u00e9rdidas por alrededor de 240 millones de d\u00f3lares, unos 3.500 trabajadores que quedan fuera del sistema y potenciales compradores en el exterior que dejan de demandar<\/strong><\/em><\/p>\n<p>&nbsp;<\/p>\n<p>&nbsp;<\/p>\n<p>&nbsp;<\/p>\n<p>Los productores de peras del Alto Valle de R\u00edo Negro estimaron una p\u00e9rdida de 240 millones de d\u00f3lares para la cosecha que termin\u00f3 y no ven soluciones en el horizonte, con miles de toneladas de fruta tiradas a la basura.<\/p>\n<p>&nbsp;<\/p>\n<p>Seg\u00fan datos aportados por los productores, por falta de oferta de calidad este a\u00f1o se proyecta tirar unas 310.000 toneladas de peras de una cosecha estimada en 680.000 toneladas para todo el Valle de R\u00edo Negro y Neuqu\u00e9n.<\/p>\n<p>&nbsp;<\/p>\n<p>De esa producci\u00f3n total, s\u00f3lo se cosech\u00f3 y embal\u00f3 en la campa\u00f1a unas 370.000 toneladas, por lo que unas 160.000 toneladas ya se est\u00e1n pudriendo en las plantas mientras que otras 150.000 ser\u00edan directamente desechadas por las empaquetadoras.<\/p>\n<p>&nbsp;<\/p>\n<p>Esos 310 millones de kilos de peras tirados a la basura representan p\u00e9rdidas por alrededor de 240 millones de d\u00f3lares, unos 3.500 trabajadores que quedan fuera del sistema y potenciales compradores en el exterior que dejan de demandar, public\u00f3 el Diario de R\u00edo Negro.<\/p>\n<p>&nbsp;<\/p>\n<p>Ejemplos de esta crisis son el cierre de las plantas de la gigantesca Expofruit, una de las principales empaquetadoras y exportadoras de la regi\u00f3n, y de la tradicional Mo\u00f1o Azul, en General Roca.<\/p>\n<p>&nbsp;<\/p>\n<p>Eduardo Artero, productor de peras y manzanas y presidente del Consorcio de Regantes de Cipolletti, dijo este lunes en declaraciones a radio Belgrano que el sector &#8220;est\u00e1 igual o peor ahora que con el Gobierno anterior&#8221;.<\/p>\n<p>&nbsp;<\/p>\n<p>&#8220;Estamos igual o peor que con el Gobierno anterior. Ya ven\u00edamos mal: muchas empresas grandes, empacadoras, se fundieron, cerraron sus puertas. Queda menos del 30% de las empresas que hab\u00eda hace treinta a\u00f1os atr\u00e1s&#8221;, dijo Artero.<\/p>\n<p>&nbsp;<\/p>\n<p>La producci\u00f3n promedio de pera est\u00e1 dentro de los niveles de los \u00faltimos a\u00f1os pero con una fuerte ca\u00edda en la calidad que presenta.<\/p>\n<p>&nbsp;<\/p>\n<p>El representante de los regadores dijo que los principales problemas con la pera se dan con la variedad de producto que tiene como destinos Europa y Estados Unidos, donde exigen una alta calidad.<\/p>\n<p>&nbsp;<\/p>\n<p>&#8220;No somos competitivos: somos caros para producir. Los salarios de los trabajadores de empaque, fr\u00edo y transporte se ajustan un 35% mientras el precio del d\u00f3lar sigue pisado hace un a\u00f1o&#8221;, dijo Artero en la previa del inicio de la cosecha de la manzan smith o verde.<\/p>\n<p>&nbsp;<\/p>\n<p>El productor consider\u00f3 que el Estado deber\u00eda bajar los impuestos sobre la mano de obra porque esta actividad tiene una mano de obra intensiva.<\/p>\n<p>&nbsp;<\/p>\n<p>&#8220;La actividad frut\u00edcola tiene m\u00e1s mano de obra intensiva que la industria automotriz, dado que la siembra, la poda, el raleo y la cosecha se hace a mano, nada se hace con m\u00e1quinas, hay una persona por hect\u00e1rea&#8221;, dijo el productor.<\/p>\n","protected":false},"excerpt":{"rendered":"<p>Hay 310 millones de kilos de peras tirados a la basura representan p\u00e9rdidas por alrededor de 240 millones de d\u00f3lares, unos 3.500 trabajadores que quedan fuera del sistema y potenciales compradores en el exterior que dejan de demandar &nbsp; &nbsp; &nbsp; Los productores de peras del Alto Valle de R\u00edo Negro estimaron una p\u00e9rdida de 240 millones de d\u00f3lares para la cosecha que termin\u00f3 y no ven soluciones en el horizonte, con miles de toneladas de fruta tiradas a la basura. &nbsp; Seg\u00fan datos aportados por los productores, por falta&#8230;<\/p>\n","protected":false},"author":3,"featured_media":9118,"comment_status":"closed","ping_status":"closed","sticky":false,"template":"","format":"standard","meta":[],"categories":[2],"tags":[],"_links":{"self":[{"href":"https:\/\/www.actualidadadiario.com\/index.php\/wp-json\/wp\/v2\/posts\/9117"}],"collection":[{"href":"https:\/\/www.actualidadadiario.com\/index.php\/wp-json\/wp\/v2\/posts"}],"about":[{"href":"https:\/\/www.actualidadadiario.com\/index.php\/wp-json\/wp\/v2\/types\/post"}],"author":[{"embeddable":true,"href":"https:\/\/www.actualidadadiario.com\/index.php\/wp-json\/wp\/v2\/users\/3"}],"replies":[{"embeddable":true,"href":"https:\/\/www.actualidadadiario.com\/index.php\/wp-json\/wp\/v2\/comments?post=9117"}],"version-history":[{"count":1,"href":"https:\/\/www.actualidadadiario.com\/index.php\/wp-json\/wp\/v2\/posts\/9117\/revisions"}],"predecessor-version":[{"id":9119,"href":"https:\/\/www.actualidadadiario.com\/index.php\/wp-json\/wp\/v2\/posts\/9117\/revisions\/9119"}],"wp:featuredmedia":[{"embeddable":true,"href":"https:\/\/www.actualidadadiario.com\/index.php\/wp-json\/wp\/v2\/media\/9118"}],"wp:attachment":[{"href":"https:\/\/www.actualidadadiario.com\/index.php\/wp-json\/wp\/v2\/media?parent=9117"}],"wp:term":[{"taxonomy":"category","embeddable":true,"href":"https:\/\/www.actualidadadiario.com\/index.php\/wp-json\/wp\/v2\/categories?post=9117"},{"taxonomy":"post_tag","embeddable":true,"href":"https:\/\/www.actualidadadiario.com\/index.php\/wp-json\/wp\/v2\/tags?post=9117"}],"curies":[{"name":"wp","href":"https:\/\/api.w.org\/{rel}","templated":true}]}}