{"id":9111,"date":"2017-03-28T10:11:17","date_gmt":"2017-03-28T13:11:17","guid":{"rendered":"http:\/\/actualidadadiario.com\/site\/?p=9111"},"modified":"2017-03-28T10:11:17","modified_gmt":"2017-03-28T13:11:17","slug":"el-gobierno-reglamento-parcialmente-la-ley-de-acceso-a-la-informacion-publica","status":"publish","type":"post","link":"https:\/\/www.actualidadadiario.com\/index.php\/2017\/03\/28\/el-gobierno-reglamento-parcialmente-la-ley-de-acceso-a-la-informacion-publica\/","title":{"rendered":"El Gobierno reglament\u00f3 parcialmente la ley de Acceso a la Informaci\u00f3n P\u00fablica"},"content":{"rendered":"<p><em><strong>La iniciativa busca &#8220;garantizar el efectivo ejercicio del derecho de acceso a la informaci\u00f3n p\u00fablica, promover la participaci\u00f3n ciudadana y la transparencia de la gesti\u00f3n p\u00fablica&#8221;, indica el texto<\/strong><\/em><\/p>\n<p>&nbsp;<\/p>\n<p>&nbsp;<\/p>\n<p>&nbsp;<\/p>\n<p>&nbsp;<\/p>\n<p>El gobierno nacional public\u00f3 hoy en el Bolet\u00edn Oficial el decreto de reglamentaci\u00f3n de la Ley 25.275 de Acceso a la Informaci\u00f3n P\u00fablica, norma que hab\u00eda sido sancionada por el Congreso y promulgada por el presidente Mauricio Macri en septiembre de 2016.<\/p>\n<p>&nbsp;<\/p>\n<p>La iniciativa busca &#8220;garantizar el efectivo ejercicio del derecho de acceso a la informaci\u00f3n p\u00fablica, promover la participaci\u00f3n ciudadana y la transparencia de la gesti\u00f3n p\u00fablica&#8221;, indica el texto.<\/p>\n<p>&nbsp;<\/p>\n<p>El Decreto 206\/2017, que lleva las firmas de la vicepresidente Gabriela Michetti, el jefe de Gabinete, Marcos Pe\u00f1a, y el ministro del Interior, Rogelio Frigerio, entrar\u00e1 en vigencia el 29 de septiembre de 2017.<\/p>\n<p>&nbsp;<\/p>\n<p>El Gobierno explic\u00f3 adem\u00e1s que &#8220;la reglamentaci\u00f3n que aprueba el presente decreto es producto de m\u00faltiples y enriquecedores debates, as\u00ed como de una consulta p\u00fablica en la que se puso a consideraci\u00f3n de la sociedad civil la necesidad de reglamentar algunos aspectos de la ley&#8221;, en referencia a los art\u00edculos que a\u00fan quedan por reglamentar.<\/p>\n<p>&nbsp;<\/p>\n<p>De esta forma el Estado deber\u00e1 entregar la informaci\u00f3n &#8220;de forma totalmente gratuita&#8221; a quien la requiera siempre y cuando exista versi\u00f3n electr\u00f3nica de los datos pedidos. Caso contrario, el solicitante deber\u00e1 abonar el monto correspondiente a los costos de reproducci\u00f3n.<\/p>\n","protected":false},"excerpt":{"rendered":"<p>La iniciativa busca &#8220;garantizar el efectivo ejercicio del derecho de acceso a la informaci\u00f3n p\u00fablica, promover la participaci\u00f3n ciudadana y la transparencia de la gesti\u00f3n p\u00fablica&#8221;, indica el texto &nbsp; &nbsp; &nbsp; &nbsp; El gobierno nacional public\u00f3 hoy en el Bolet\u00edn Oficial el decreto de reglamentaci\u00f3n de la Ley 25.275 de Acceso a la Informaci\u00f3n P\u00fablica, norma que hab\u00eda sido sancionada por el Congreso y promulgada por el presidente Mauricio Macri en septiembre de 2016. &nbsp; La iniciativa busca &#8220;garantizar el efectivo ejercicio del derecho de acceso a la informaci\u00f3n&#8230;<\/p>\n","protected":false},"author":3,"featured_media":9112,"comment_status":"closed","ping_status":"closed","sticky":false,"template":"","format":"standard","meta":[],"categories":[2],"tags":[],"_links":{"self":[{"href":"https:\/\/www.actualidadadiario.com\/index.php\/wp-json\/wp\/v2\/posts\/9111"}],"collection":[{"href":"https:\/\/www.actualidadadiario.com\/index.php\/wp-json\/wp\/v2\/posts"}],"about":[{"href":"https:\/\/www.actualidadadiario.com\/index.php\/wp-json\/wp\/v2\/types\/post"}],"author":[{"embeddable":true,"href":"https:\/\/www.actualidadadiario.com\/index.php\/wp-json\/wp\/v2\/users\/3"}],"replies":[{"embeddable":true,"href":"https:\/\/www.actualidadadiario.com\/index.php\/wp-json\/wp\/v2\/comments?post=9111"}],"version-history":[{"count":1,"href":"https:\/\/www.actualidadadiario.com\/index.php\/wp-json\/wp\/v2\/posts\/9111\/revisions"}],"predecessor-version":[{"id":9113,"href":"https:\/\/www.actualidadadiario.com\/index.php\/wp-json\/wp\/v2\/posts\/9111\/revisions\/9113"}],"wp:featuredmedia":[{"embeddable":true,"href":"https:\/\/www.actualidadadiario.com\/index.php\/wp-json\/wp\/v2\/media\/9112"}],"wp:attachment":[{"href":"https:\/\/www.actualidadadiario.com\/index.php\/wp-json\/wp\/v2\/media?parent=9111"}],"wp:term":[{"taxonomy":"category","embeddable":true,"href":"https:\/\/www.actualidadadiario.com\/index.php\/wp-json\/wp\/v2\/categories?post=9111"},{"taxonomy":"post_tag","embeddable":true,"href":"https:\/\/www.actualidadadiario.com\/index.php\/wp-json\/wp\/v2\/tags?post=9111"}],"curies":[{"name":"wp","href":"https:\/\/api.w.org\/{rel}","templated":true}]}}