{"id":911,"date":"2016-09-12T10:05:36","date_gmt":"2016-09-12T13:05:36","guid":{"rendered":"http:\/\/actualidadadiario.com\/site\/?p=911"},"modified":"2016-09-12T10:05:36","modified_gmt":"2016-09-12T13:05:36","slug":"buscan-avanzar-con-la-implementacion-de-la-verificacion-tecnica-vehicular","status":"publish","type":"post","link":"https:\/\/www.actualidadadiario.com\/index.php\/2016\/09\/12\/buscan-avanzar-con-la-implementacion-de-la-verificacion-tecnica-vehicular\/","title":{"rendered":"Buscan avanzar con la implementaci\u00f3n de la verificaci\u00f3n t\u00e9cnica vehicular"},"content":{"rendered":"<p><em><strong>El mi\u00e9rcoles funcionarios del Ministerio de Gobierno concurrir\u00e1n a la comisi\u00f3n de Comunicaciones, Energ\u00eda, Transporte, Comercio y Asuntos Internacionales para seguir trabajando en torno al proyecto de verificaci\u00f3n t\u00e9cnica vehicular<\/strong><\/em><\/p>\n<p>&nbsp;<\/p>\n<p>&nbsp;<\/p>\n<p>&nbsp;<\/p>\n<p>&nbsp;<\/p>\n<p>El pr\u00f3ximo mi\u00e9rcoles desde las 9, la comisi\u00f3n de Comunicaciones, Energ\u00eda, Transporte, Comercio y Asuntos Internacionales se reunir\u00e1 para, entre otros temas, seguir trabajando en torno al proyecto de verificaci\u00f3n t\u00e9cnica vehicular.<\/p>\n<p>Para la ocasi\u00f3n, fueron invitados funcionarios del Ministerio de Gobierno que encabeza Mauro Urribarri.<\/p>\n<p>Sobre la verificaci\u00f3n t\u00e9cnica hay dos iniciativas para completar la adhesi\u00f3n entrerriana a la ley nacional de tr\u00e1nsito: una con media sanci\u00f3n del Senado y en revisi\u00f3n en Diputados y la otra, originada en \u00e9sta \u00faltima.<\/p>\n","protected":false},"excerpt":{"rendered":"<p>El mi\u00e9rcoles funcionarios del Ministerio de Gobierno concurrir\u00e1n a la comisi\u00f3n de Comunicaciones, Energ\u00eda, Transporte, Comercio y Asuntos Internacionales para seguir trabajando en torno al proyecto de verificaci\u00f3n t\u00e9cnica vehicular &nbsp; &nbsp; &nbsp; &nbsp; El pr\u00f3ximo mi\u00e9rcoles desde las 9, la comisi\u00f3n de Comunicaciones, Energ\u00eda, Transporte, Comercio y Asuntos Internacionales se reunir\u00e1 para, entre otros temas, seguir trabajando en torno al proyecto de verificaci\u00f3n t\u00e9cnica vehicular. Para la ocasi\u00f3n, fueron invitados funcionarios del Ministerio de Gobierno que encabeza Mauro Urribarri. Sobre la verificaci\u00f3n t\u00e9cnica hay dos iniciativas para completar la&#8230;<\/p>\n","protected":false},"author":3,"featured_media":912,"comment_status":"closed","ping_status":"closed","sticky":false,"template":"","format":"standard","meta":[],"categories":[15],"tags":[],"_links":{"self":[{"href":"https:\/\/www.actualidadadiario.com\/index.php\/wp-json\/wp\/v2\/posts\/911"}],"collection":[{"href":"https:\/\/www.actualidadadiario.com\/index.php\/wp-json\/wp\/v2\/posts"}],"about":[{"href":"https:\/\/www.actualidadadiario.com\/index.php\/wp-json\/wp\/v2\/types\/post"}],"author":[{"embeddable":true,"href":"https:\/\/www.actualidadadiario.com\/index.php\/wp-json\/wp\/v2\/users\/3"}],"replies":[{"embeddable":true,"href":"https:\/\/www.actualidadadiario.com\/index.php\/wp-json\/wp\/v2\/comments?post=911"}],"version-history":[{"count":1,"href":"https:\/\/www.actualidadadiario.com\/index.php\/wp-json\/wp\/v2\/posts\/911\/revisions"}],"predecessor-version":[{"id":913,"href":"https:\/\/www.actualidadadiario.com\/index.php\/wp-json\/wp\/v2\/posts\/911\/revisions\/913"}],"wp:featuredmedia":[{"embeddable":true,"href":"https:\/\/www.actualidadadiario.com\/index.php\/wp-json\/wp\/v2\/media\/912"}],"wp:attachment":[{"href":"https:\/\/www.actualidadadiario.com\/index.php\/wp-json\/wp\/v2\/media?parent=911"}],"wp:term":[{"taxonomy":"category","embeddable":true,"href":"https:\/\/www.actualidadadiario.com\/index.php\/wp-json\/wp\/v2\/categories?post=911"},{"taxonomy":"post_tag","embeddable":true,"href":"https:\/\/www.actualidadadiario.com\/index.php\/wp-json\/wp\/v2\/tags?post=911"}],"curies":[{"name":"wp","href":"https:\/\/api.w.org\/{rel}","templated":true}]}}