{"id":9098,"date":"2017-03-28T10:07:19","date_gmt":"2017-03-28T13:07:19","guid":{"rendered":"http:\/\/actualidadadiario.com\/site\/?p=9098"},"modified":"2017-03-28T10:07:19","modified_gmt":"2017-03-28T13:07:19","slug":"agmer-comienza-una-semana-con-asambleas-en-todas-las-escuelas-de-la-provincia","status":"publish","type":"post","link":"https:\/\/www.actualidadadiario.com\/index.php\/2017\/03\/28\/agmer-comienza-una-semana-con-asambleas-en-todas-las-escuelas-de-la-provincia\/","title":{"rendered":"AGMER comienza una semana con asambleas en todas las escuelas de la provincia"},"content":{"rendered":"<p><em><strong>Continuando con las acciones de lucha, movilizaci\u00f3n y deliberaci\u00f3n que la Asociaci\u00f3n de Magisterios de Entre R\u00edos (AGMER) viene llevando adelante, este martes 28 de marzo se realizar\u00e1n asambleas de dos horas por turnos en todas las escuelas de la provincia de Entre R\u00edos<\/strong><\/em><\/p>\n<p>&nbsp;<\/p>\n<p>&nbsp;<\/p>\n<p>&nbsp;<\/p>\n<p>&nbsp;<\/p>\n<p>&#8220;Ante el silencio de los gobiernos nacional y provincial, la Comisi\u00f3n Directiva Central de AGMER convoca a los docentes a sostener en unidad todas las acciones de debate y movilizaci\u00f3n definidas por el conjunto, hasta lograr romper el techo del 18 % que nos imponen, para conquistar un aumento salarial en blanco y que responda a las demandas de los trabajadores&#8221;, inicia el comunicado enviado.<\/p>\n<p>&nbsp;<\/p>\n<p>Por \u00faltimo, desde el gremio se invita &#8220;a todos los docentes a la Jornada de Protesta Nacional con huelga y movilizaci\u00f3n a Buenos Aires de este jueves 30 de marzo, convocada por las dos Centrales de Trabajadores Argentinos, a la que adhiri\u00f3 nuestro sindicato en su \u00faltimo Congreso Extraordinario&#8221;.<\/p>\n","protected":false},"excerpt":{"rendered":"<p>Continuando con las acciones de lucha, movilizaci\u00f3n y deliberaci\u00f3n que la Asociaci\u00f3n de Magisterios de Entre R\u00edos (AGMER) viene llevando adelante, este martes 28 de marzo se realizar\u00e1n asambleas de dos horas por turnos en todas las escuelas de la provincia de Entre R\u00edos &nbsp; &nbsp; &nbsp; &nbsp; &#8220;Ante el silencio de los gobiernos nacional y provincial, la Comisi\u00f3n Directiva Central de AGMER convoca a los docentes a sostener en unidad todas las acciones de debate y movilizaci\u00f3n definidas por el conjunto, hasta lograr romper el techo del 18 %&#8230;<\/p>\n","protected":false},"author":3,"featured_media":9099,"comment_status":"closed","ping_status":"closed","sticky":false,"template":"","format":"standard","meta":[],"categories":[15],"tags":[],"_links":{"self":[{"href":"https:\/\/www.actualidadadiario.com\/index.php\/wp-json\/wp\/v2\/posts\/9098"}],"collection":[{"href":"https:\/\/www.actualidadadiario.com\/index.php\/wp-json\/wp\/v2\/posts"}],"about":[{"href":"https:\/\/www.actualidadadiario.com\/index.php\/wp-json\/wp\/v2\/types\/post"}],"author":[{"embeddable":true,"href":"https:\/\/www.actualidadadiario.com\/index.php\/wp-json\/wp\/v2\/users\/3"}],"replies":[{"embeddable":true,"href":"https:\/\/www.actualidadadiario.com\/index.php\/wp-json\/wp\/v2\/comments?post=9098"}],"version-history":[{"count":1,"href":"https:\/\/www.actualidadadiario.com\/index.php\/wp-json\/wp\/v2\/posts\/9098\/revisions"}],"predecessor-version":[{"id":9100,"href":"https:\/\/www.actualidadadiario.com\/index.php\/wp-json\/wp\/v2\/posts\/9098\/revisions\/9100"}],"wp:featuredmedia":[{"embeddable":true,"href":"https:\/\/www.actualidadadiario.com\/index.php\/wp-json\/wp\/v2\/media\/9099"}],"wp:attachment":[{"href":"https:\/\/www.actualidadadiario.com\/index.php\/wp-json\/wp\/v2\/media?parent=9098"}],"wp:term":[{"taxonomy":"category","embeddable":true,"href":"https:\/\/www.actualidadadiario.com\/index.php\/wp-json\/wp\/v2\/categories?post=9098"},{"taxonomy":"post_tag","embeddable":true,"href":"https:\/\/www.actualidadadiario.com\/index.php\/wp-json\/wp\/v2\/tags?post=9098"}],"curies":[{"name":"wp","href":"https:\/\/api.w.org\/{rel}","templated":true}]}}