{"id":9096,"date":"2017-03-28T10:06:32","date_gmt":"2017-03-28T13:06:32","guid":{"rendered":"http:\/\/actualidadadiario.com\/site\/?p=9096"},"modified":"2017-03-28T10:06:32","modified_gmt":"2017-03-28T13:06:32","slug":"tratan-el-pliego-de-giorgio-como-postulante-a-vocal-del-superior-tribunal-de-justicia","status":"publish","type":"post","link":"https:\/\/www.actualidadadiario.com\/index.php\/2017\/03\/28\/tratan-el-pliego-de-giorgio-como-postulante-a-vocal-del-superior-tribunal-de-justicia\/","title":{"rendered":"Tratan el pliego de Giorgio como postulante a vocal del Superior Tribunal de Justicia"},"content":{"rendered":"<p><em><strong>La\u00a0 Comisi\u00f3n de Asuntos Constitucionales y Acuerdos del Senado se reunir\u00e1 hoy por primera vez desde que tom\u00f3 estado parlamentario el pedido de Acuerdo para designar en el Superior Tribunal de Justicia al juez Miguel \u00c1ngel Giorgio<\/strong><\/em><\/p>\n<p>&nbsp;<\/p>\n<p>&nbsp;<\/p>\n<p>&nbsp;<\/p>\n<p>El magistrado concordiense est\u00e1 propuesto para reemplazar al vocal Carlos Chiara D\u00edaz, quien renunci\u00f3 para evitar ser destituido en el marco de un proceso de juicio pol\u00edtico y mantener as\u00ed todos los beneficios jubilatorios del cargo.<\/p>\n<p>&nbsp;<\/p>\n<p>Si bien la propuesta de Giorgio, formulada por Ejecutivo provincial, cont\u00f3 con el aval de la oposici\u00f3n legislativa; no se descarta que en el tratamiento del pliego surjan elementos que puedan dar pie a la formulaci\u00f3n en objeciones a su designaci\u00f3n en el cargo.<\/p>\n","protected":false},"excerpt":{"rendered":"<p>La\u00a0 Comisi\u00f3n de Asuntos Constitucionales y Acuerdos del Senado se reunir\u00e1 hoy por primera vez desde que tom\u00f3 estado parlamentario el pedido de Acuerdo para designar en el Superior Tribunal de Justicia al juez Miguel \u00c1ngel Giorgio &nbsp; &nbsp; &nbsp; El magistrado concordiense est\u00e1 propuesto para reemplazar al vocal Carlos Chiara D\u00edaz, quien renunci\u00f3 para evitar ser destituido en el marco de un proceso de juicio pol\u00edtico y mantener as\u00ed todos los beneficios jubilatorios del cargo. &nbsp; Si bien la propuesta de Giorgio, formulada por Ejecutivo provincial, cont\u00f3 con el&#8230;<\/p>\n","protected":false},"author":3,"featured_media":8842,"comment_status":"closed","ping_status":"closed","sticky":false,"template":"","format":"standard","meta":[],"categories":[15],"tags":[],"_links":{"self":[{"href":"https:\/\/www.actualidadadiario.com\/index.php\/wp-json\/wp\/v2\/posts\/9096"}],"collection":[{"href":"https:\/\/www.actualidadadiario.com\/index.php\/wp-json\/wp\/v2\/posts"}],"about":[{"href":"https:\/\/www.actualidadadiario.com\/index.php\/wp-json\/wp\/v2\/types\/post"}],"author":[{"embeddable":true,"href":"https:\/\/www.actualidadadiario.com\/index.php\/wp-json\/wp\/v2\/users\/3"}],"replies":[{"embeddable":true,"href":"https:\/\/www.actualidadadiario.com\/index.php\/wp-json\/wp\/v2\/comments?post=9096"}],"version-history":[{"count":1,"href":"https:\/\/www.actualidadadiario.com\/index.php\/wp-json\/wp\/v2\/posts\/9096\/revisions"}],"predecessor-version":[{"id":9097,"href":"https:\/\/www.actualidadadiario.com\/index.php\/wp-json\/wp\/v2\/posts\/9096\/revisions\/9097"}],"wp:featuredmedia":[{"embeddable":true,"href":"https:\/\/www.actualidadadiario.com\/index.php\/wp-json\/wp\/v2\/media\/8842"}],"wp:attachment":[{"href":"https:\/\/www.actualidadadiario.com\/index.php\/wp-json\/wp\/v2\/media?parent=9096"}],"wp:term":[{"taxonomy":"category","embeddable":true,"href":"https:\/\/www.actualidadadiario.com\/index.php\/wp-json\/wp\/v2\/categories?post=9096"},{"taxonomy":"post_tag","embeddable":true,"href":"https:\/\/www.actualidadadiario.com\/index.php\/wp-json\/wp\/v2\/tags?post=9096"}],"curies":[{"name":"wp","href":"https:\/\/api.w.org\/{rel}","templated":true}]}}