{"id":9093,"date":"2017-03-28T10:05:37","date_gmt":"2017-03-28T13:05:37","guid":{"rendered":"http:\/\/actualidadadiario.com\/site\/?p=9093"},"modified":"2017-03-28T10:05:37","modified_gmt":"2017-03-28T13:05:37","slug":"el-ex-ministro-smaldone-fue-designado-en-la-fiscalia-de-estado","status":"publish","type":"post","link":"https:\/\/www.actualidadadiario.com\/index.php\/2017\/03\/28\/el-ex-ministro-smaldone-fue-designado-en-la-fiscalia-de-estado\/","title":{"rendered":"El ex ministro Smaldone fue designado en la Fiscal\u00eda de Estado"},"content":{"rendered":"<p><em><strong>Estar\u00e1 encargado de &#8220;llevar a cabo acciones concretas con el fin de promover buenas conductas impositivas por parte de los contribuyentes y accionar mediante apremio fiscal a quienes se les detectase morosidad&#8221;<\/strong><\/em><\/p>\n<p>&nbsp;<\/p>\n<p>&nbsp;<\/p>\n<p>&nbsp;<\/p>\n<p>El ex ministro de Trabajo Guillermo Smaldone, fue designado &#8220;procurador fiscal&#8221; en el \u00e1mbito de la Fiscal\u00eda de Estado de la Provincia.<\/p>\n<p>&nbsp;<\/p>\n<p>El nombramiento se dio en septiembre del a\u00f1o pasado pero fue publicado en el bolet\u00edn oficial el pasado 21 de marzo. Hab\u00eda renunciado al Tribunal de Cuentas el 10 de junio de 2016, luego de acciones de inconstitucionalidad en el cargo.<\/p>\n<p>&nbsp;<\/p>\n<p>La designaci\u00f3n est\u00e1 contenida en el Decreto N\u00b0 2.847, firmado por el Gobernador Gustavo Bordet y el Ministro de Hacienda Hugo Ballay.<\/p>\n<p>&nbsp;<\/p>\n<p>En los considerandos, publicados en el Bolet\u00edn Oficial de la Provincia, el Ejecutivo explica que la Fiscal\u00eda de Estado &#8220;ha recibido la presentaci\u00f3n efectuada por el doctor Guillermo Smaldone, solicitando su designaci\u00f3n como Procurador Fiscal, adjuntando antecedentes personales y laborales&#8221; y que el mismo &#8220;estar\u00e1 encargado de llevar a cabo acciones concretas con el fin de promover buenas conductas impositivas por parte de los contribuyentes y accionar mediante apremio fiscal a quienes se les detectase morosidad en el pago de sus obligaciones impositivas&#8221;.<\/p>\n<p>&nbsp;<\/p>\n<p>Tambi\u00e9n se menciona que la Fiscal\u00eda de Estado &#8220;ha verificado que el profesional cumple con los antecedentes y requisitos, considerando conveniente su designaci\u00f3n como procurador fiscal&#8221;.<\/p>\n","protected":false},"excerpt":{"rendered":"<p>Estar\u00e1 encargado de &#8220;llevar a cabo acciones concretas con el fin de promover buenas conductas impositivas por parte de los contribuyentes y accionar mediante apremio fiscal a quienes se les detectase morosidad&#8221; &nbsp; &nbsp; &nbsp; El ex ministro de Trabajo Guillermo Smaldone, fue designado &#8220;procurador fiscal&#8221; en el \u00e1mbito de la Fiscal\u00eda de Estado de la Provincia. &nbsp; El nombramiento se dio en septiembre del a\u00f1o pasado pero fue publicado en el bolet\u00edn oficial el pasado 21 de marzo. Hab\u00eda renunciado al Tribunal de Cuentas el 10 de junio de&#8230;<\/p>\n","protected":false},"author":3,"featured_media":9094,"comment_status":"closed","ping_status":"closed","sticky":false,"template":"","format":"standard","meta":[],"categories":[15],"tags":[],"_links":{"self":[{"href":"https:\/\/www.actualidadadiario.com\/index.php\/wp-json\/wp\/v2\/posts\/9093"}],"collection":[{"href":"https:\/\/www.actualidadadiario.com\/index.php\/wp-json\/wp\/v2\/posts"}],"about":[{"href":"https:\/\/www.actualidadadiario.com\/index.php\/wp-json\/wp\/v2\/types\/post"}],"author":[{"embeddable":true,"href":"https:\/\/www.actualidadadiario.com\/index.php\/wp-json\/wp\/v2\/users\/3"}],"replies":[{"embeddable":true,"href":"https:\/\/www.actualidadadiario.com\/index.php\/wp-json\/wp\/v2\/comments?post=9093"}],"version-history":[{"count":1,"href":"https:\/\/www.actualidadadiario.com\/index.php\/wp-json\/wp\/v2\/posts\/9093\/revisions"}],"predecessor-version":[{"id":9095,"href":"https:\/\/www.actualidadadiario.com\/index.php\/wp-json\/wp\/v2\/posts\/9093\/revisions\/9095"}],"wp:featuredmedia":[{"embeddable":true,"href":"https:\/\/www.actualidadadiario.com\/index.php\/wp-json\/wp\/v2\/media\/9094"}],"wp:attachment":[{"href":"https:\/\/www.actualidadadiario.com\/index.php\/wp-json\/wp\/v2\/media?parent=9093"}],"wp:term":[{"taxonomy":"category","embeddable":true,"href":"https:\/\/www.actualidadadiario.com\/index.php\/wp-json\/wp\/v2\/categories?post=9093"},{"taxonomy":"post_tag","embeddable":true,"href":"https:\/\/www.actualidadadiario.com\/index.php\/wp-json\/wp\/v2\/tags?post=9093"}],"curies":[{"name":"wp","href":"https:\/\/api.w.org\/{rel}","templated":true}]}}